{"id":4433,"date":"2026-08-31T04:09:35","date_gmt":"2026-08-31T02:09:35","guid":{"rendered":"https:\/\/pilasciudadano.com\/?p=4433"},"modified":"2026-08-31T04:09:40","modified_gmt":"2026-08-31T02:09:40","slug":"nos-veran-volver-mas-grandes-y-fuertes-pereira-renacera-lo-juro-alcalde-mauricio-salazar","status":"publish","type":"post","link":"https:\/\/pilasciudadano.com\/index.php\/2026\/08\/31\/nos-veran-volver-mas-grandes-y-fuertes-pereira-renacera-lo-juro-alcalde-mauricio-salazar\/","title":{"rendered":"NOS VER\u00c1N VOLVER, M\u00c1S GRANDES Y FUERTES. PEREIRA RENACER\u00c1, LO JURO\u00bb: ALCALDE MAURICIO SALAZAR"},"content":{"rendered":"\n<p class=\"wp-block-paragraph\">Pereira conmemor\u00f3 sus 163 a\u00f1os con un acto de profundo amor, uni\u00f3n y homenaje en memoria de las v\u00edctimas del terremoto.<\/p>\n\n\n\n<p class=\"wp-block-paragraph\">Pereira, 30 de agosto de 2026. En un ambiente de solemnidad, profunda emotividad, abrazo fraterno y una esperanza inquebrantable, la Plaza C\u00edvica Ciudad Victoria fue el escenario para un homenaje que se vivi\u00f3 desde el alma, con el ADN de los pereiranos.<\/p>\n\n\n\n<p class=\"wp-block-paragraph\">El evento, que conmemor\u00f3 adem\u00e1s los 163 a\u00f1os de la ciudad, se convirti\u00f3 en un encuentro que aviv\u00f3 el orgullo y la esperanza de un futuro construido entre todos los pereiranos.<\/p>\n\n\n\n<p class=\"wp-block-paragraph\">Durante el acto solemne, el Alcalde Mauricio Salazar, en compa\u00f1\u00eda de la Gestora Social Mar\u00eda Irma Nore\u00f1a, rindi\u00f3 tributo a la memoria de las v\u00edctimas y honr\u00f3 el legado de los fundadores con una ofrenda floral, como pacto de unidad y esperanza.<br>\u00abHoy nuestra querida Pereira cumple 163 a\u00f1os, y hace apenas veinte d\u00edas la tierra se estremeci\u00f3 y sacudi\u00f3 nuestras vidas. Pero tambi\u00e9n vimos algo que ning\u00fan terremoto podr\u00e1 derrumbar: el coraz\u00f3n, el civismo y la valent\u00eda de los pereiranos\u00bb, destac\u00f3 el mandatario en su discurso.<\/p>\n\n\n\n<p class=\"wp-block-paragraph\">Memoria, gratitud y compromiso por la reconstrucci\u00f3n<br>Abrazo solidario a las v\u00edctimas: el Alcalde Mauricio Salazar expres\u00f3 su compromiso irrenunciable con las familias golpeadas por la tragedia. \u00abA quienes perdieron su casa, un negocio o a un ser querido: no est\u00e1n solos. El dolor de ustedes es el dolor de toda Pereira. Debemos volver la mirada a nuestros mayores; las grandes obras comienzan con una pala, una carretilla y el deseo de trabajar juntos. Al recio empuje de los titanes, como dice nuestro himno, volveremos a levantarnos\u00bb.<\/p>\n\n\n\n<p class=\"wp-block-paragraph\">El despertar c\u00edvico de los j\u00f3venes: tambi\u00e9n el Alcalde de Pereira, hizo un llamado a la juventud para ponerse al frente de la reconstrucci\u00f3n. \u00abLos invito a encender de nuevo la antorcha del civismo. Miren esta ciudad y entiendan que ustedes son responsables de su futuro. Reconstruir significa amar a Pereira y darle la confianza y la esperanza que necesita\u201d.<\/p>\n\n\n\n<p class=\"wp-block-paragraph\">Gratitud eterna a los h\u00e9roes durante la emergencia: Igualmente, el Alcalde expres\u00f3 su reconocimiento p\u00fablico e infinito al Cuerpo Oficial de Bomberos, Defensa Civil, Cruz Roja, Polic\u00eda, Ej\u00e9rcito, personal m\u00e9dico, voluntarios, empresarios, educadores y al Gobierno Nacional e internacional por su reacci\u00f3n inmediata para salvar vidas.<\/p>\n\n\n\n<p class=\"wp-block-paragraph\">Unidad sin distinciones: Una convocatoria abierta a campesinos, comerciantes, artistas, deportistas, constructores y servidores p\u00fablicos. \u00abHoy Pereira necesita de todos: del empresario y del trabajador, del estudiante y del profesional, del comerciante, del campesino, del artista, del deportista, del maestro, del joven y del adulto mayor, del m\u00e9dico, del constructor, del servidor p\u00fablico y de cada ciudadano que ame esta tierra\u201d.<\/p>\n\n\n\n<p class=\"wp-block-paragraph\">El homenaje concluy\u00f3 con un juramento que hizo el alcalde Mauricio Salazar el cual retumb\u00f3 en toda la Plaza C\u00edvica, con aplausos, l\u00e1grimas y abrazos de amor por la ciudad.<br>\u201cPereira cumple 163 a\u00f1os. Una ciudad joven que hoy, m\u00e1s que nunca, est\u00e1 de pie y con el coraz\u00f3n lleno de amor por esta tierra y sus habitantes, les digo sin dudar, que de la mano de dios y de toda la familia pereirana reconstruiremos nuestra ciudad. Nos ver\u00e1n volver. M\u00e1s grandes y fuertes. Pereira renacer\u00e1, lo juro\u201d.<\/p>\n","protected":false},"excerpt":{"rendered":"<p>Pereira conmemor\u00f3 sus 163 a\u00f1os con un acto de profundo amor, uni\u00f3n y homenaje en memoria de las v\u00edctimas del terremoto. Pereira, 30 de agosto de 2026. En un ambiente de solemnidad, profunda emotividad, abrazo fraterno y una esperanza inquebrantable, la Plaza C\u00edvica Ciudad Victoria fue el escenario para un homenaje que se vivi\u00f3 desde&#8230;<\/p>\n","protected":false},"author":1,"featured_media":4434,"comment_status":"closed","ping_status":"closed","sticky":false,"template":"","format":"standard","meta":{"_eb_attr":"","_kad_post_transparent":"","_kad_post_title":"","_kad_post_layout":"","_kad_post_sidebar_id":"","_kad_post_content_style":"","_kad_post_vertical_padding":"","_kad_post_feature":"","_kad_post_feature_position":"","_kad_post_header":false,"_kad_post_footer":false,"_kad_post_classname":"","footnotes":""},"categories":[9,34,11,1],"tags":[],"class_list":["post-4433","post","type-post","status-publish","format-standard","has-post-thumbnail","hentry","category-actualidad","category-eje-cafetero","category-pereira","category-sin-categoria"],"yoast_head":"<!-- This site is optimized with the Yoast SEO plugin v28.3 - https:\/\/yoast.com\/product\/yoast-seo-wordpress\/ -->\n<title>NOS VER\u00c1N VOLVER, M\u00c1S GRANDES Y FUERTES. PEREIRA RENACER\u00c1, LO JURO&quot;: ALCALDE MAURICIO SALAZAR - PILAS CIUDADANO<\/title>\n<meta name=\"robots\" content=\"index, follow, max-snippet:-1, max-image-preview:large, max-video-preview:-1\" \/>\n<link rel=\"canonical\" href=\"https:\/\/pilasciudadano.com\/index.php\/2026\/08\/31\/nos-veran-volver-mas-grandes-y-fuertes-pereira-renacera-lo-juro-alcalde-mauricio-salazar\/\" \/>\n<meta property=\"og:locale\" content=\"es_ES\" \/>\n<meta property=\"og:type\" content=\"article\" \/>\n<meta property=\"og:title\" content=\"NOS VER\u00c1N VOLVER, M\u00c1S GRANDES Y FUERTES. PEREIRA RENACER\u00c1, LO JURO&quot;: ALCALDE MAURICIO SALAZAR - PILAS CIUDADANO\" \/>\n<meta property=\"og:description\" content=\"Pereira conmemor\u00f3 sus 163 a\u00f1os con un acto de profundo amor, uni\u00f3n y homenaje en memoria de las v\u00edctimas del terremoto. Pereira, 30 de agosto de 2026. En un ambiente de solemnidad, profunda emotividad, abrazo fraterno y una esperanza inquebrantable, la Plaza C\u00edvica Ciudad Victoria fue el escenario para un homenaje que se vivi\u00f3 desde...\" \/>\n<meta property=\"og:url\" content=\"https:\/\/pilasciudadano.com\/index.php\/2026\/08\/31\/nos-veran-volver-mas-grandes-y-fuertes-pereira-renacera-lo-juro-alcalde-mauricio-salazar\/\" \/>\n<meta property=\"og:site_name\" content=\"PILAS CIUDADANO\" \/>\n<meta property=\"article:publisher\" content=\"https:\/\/www.facebook.com\/Pilas.Ciudadano2016\" \/>\n<meta property=\"article:published_time\" content=\"2026-08-31T02:09:35+00:00\" \/>\n<meta property=\"article:modified_time\" content=\"2026-08-31T02:09:40+00:00\" \/>\n<meta property=\"og:image\" content=\"https:\/\/pilasciudadano.com\/wp-content\/uploads\/2026\/08\/WhatsApp-Image-2026-08-30-at-20.55.19.jpeg\" \/>\n\t<meta property=\"og:image:width\" content=\"1280\" \/>\n\t<meta property=\"og:image:height\" content=\"854\" \/>\n\t<meta property=\"og:image:type\" content=\"image\/jpeg\" \/>\n<meta name=\"author\" content=\"alejopilas\" \/>\n<meta name=\"twitter:card\" content=\"summary_large_image\" \/>\n<meta name=\"twitter:label1\" content=\"Escrito por\" \/>\n\t<meta name=\"twitter:data1\" content=\"alejopilas\" \/>\n\t<meta name=\"twitter:label2\" content=\"Tiempo de lectura\" \/>\n\t<meta name=\"twitter:data2\" content=\"3 minutos\" \/>\n<script type=\"application\/ld+json\" class=\"yoast-schema-graph\">{\"@context\":\"https:\\\/\\\/schema.org\",\"@graph\":[{\"@type\":\"Article\",\"@id\":\"https:\\\/\\\/pilasciudadano.com\\\/index.php\\\/2026\\\/08\\\/31\\\/nos-veran-volver-mas-grandes-y-fuertes-pereira-renacera-lo-juro-alcalde-mauricio-salazar\\\/#article\",\"isPartOf\":{\"@id\":\"https:\\\/\\\/pilasciudadano.com\\\/index.php\\\/2026\\\/08\\\/31\\\/nos-veran-volver-mas-grandes-y-fuertes-pereira-renacera-lo-juro-alcalde-mauricio-salazar\\\/\"},\"author\":{\"name\":\"alejopilas\",\"@id\":\"https:\\\/\\\/pilasciudadano.com\\\/#\\\/schema\\\/person\\\/688b9b2c770c6fd728a48d16fc69ee0c\"},\"headline\":\"NOS VER\u00c1N VOLVER, M\u00c1S GRANDES Y FUERTES. PEREIRA RENACER\u00c1, LO JURO\u00bb: ALCALDE MAURICIO SALAZAR\",\"datePublished\":\"2026-08-31T02:09:35+00:00\",\"dateModified\":\"2026-08-31T02:09:40+00:00\",\"mainEntityOfPage\":{\"@id\":\"https:\\\/\\\/pilasciudadano.com\\\/index.php\\\/2026\\\/08\\\/31\\\/nos-veran-volver-mas-grandes-y-fuertes-pereira-renacera-lo-juro-alcalde-mauricio-salazar\\\/\"},\"wordCount\":571,\"publisher\":{\"@id\":\"https:\\\/\\\/pilasciudadano.com\\\/#organization\"},\"image\":{\"@id\":\"https:\\\/\\\/pilasciudadano.com\\\/index.php\\\/2026\\\/08\\\/31\\\/nos-veran-volver-mas-grandes-y-fuertes-pereira-renacera-lo-juro-alcalde-mauricio-salazar\\\/#primaryimage\"},\"thumbnailUrl\":\"https:\\\/\\\/pilasciudadano.com\\\/wp-content\\\/uploads\\\/2026\\\/08\\\/WhatsApp-Image-2026-08-30-at-20.55.19.jpeg\",\"articleSection\":[\"Actualidad\",\"Eje Cafetero\",\"Pereira\"],\"inLanguage\":\"es\"},{\"@type\":\"WebPage\",\"@id\":\"https:\\\/\\\/pilasciudadano.com\\\/index.php\\\/2026\\\/08\\\/31\\\/nos-veran-volver-mas-grandes-y-fuertes-pereira-renacera-lo-juro-alcalde-mauricio-salazar\\\/\",\"url\":\"https:\\\/\\\/pilasciudadano.com\\\/index.php\\\/2026\\\/08\\\/31\\\/nos-veran-volver-mas-grandes-y-fuertes-pereira-renacera-lo-juro-alcalde-mauricio-salazar\\\/\",\"name\":\"NOS VER\u00c1N VOLVER, M\u00c1S GRANDES Y FUERTES. PEREIRA RENACER\u00c1, LO JURO\\\": ALCALDE MAURICIO SALAZAR - PILAS CIUDADANO\",\"isPartOf\":{\"@id\":\"https:\\\/\\\/pilasciudadano.com\\\/#website\"},\"primaryImageOfPage\":{\"@id\":\"https:\\\/\\\/pilasciudadano.com\\\/index.php\\\/2026\\\/08\\\/31\\\/nos-veran-volver-mas-grandes-y-fuertes-pereira-renacera-lo-juro-alcalde-mauricio-salazar\\\/#primaryimage\"},\"image\":{\"@id\":\"https:\\\/\\\/pilasciudadano.com\\\/index.php\\\/2026\\\/08\\\/31\\\/nos-veran-volver-mas-grandes-y-fuertes-pereira-renacera-lo-juro-alcalde-mauricio-salazar\\\/#primaryimage\"},\"thumbnailUrl\":\"https:\\\/\\\/pilasciudadano.com\\\/wp-content\\\/uploads\\\/2026\\\/08\\\/WhatsApp-Image-2026-08-30-at-20.55.19.jpeg\",\"datePublished\":\"2026-08-31T02:09:35+00:00\",\"dateModified\":\"2026-08-31T02:09:40+00:00\",\"breadcrumb\":{\"@id\":\"https:\\\/\\\/pilasciudadano.com\\\/index.php\\\/2026\\\/08\\\/31\\\/nos-veran-volver-mas-grandes-y-fuertes-pereira-renacera-lo-juro-alcalde-mauricio-salazar\\\/#breadcrumb\"},\"inLanguage\":\"es\",\"potentialAction\":[{\"@type\":\"ReadAction\",\"target\":[\"https:\\\/\\\/pilasciudadano.com\\\/index.php\\\/2026\\\/08\\\/31\\\/nos-veran-volver-mas-grandes-y-fuertes-pereira-renacera-lo-juro-alcalde-mauricio-salazar\\\/\"]}]},{\"@type\":\"ImageObject\",\"inLanguage\":\"es\",\"@id\":\"https:\\\/\\\/pilasciudadano.com\\\/index.php\\\/2026\\\/08\\\/31\\\/nos-veran-volver-mas-grandes-y-fuertes-pereira-renacera-lo-juro-alcalde-mauricio-salazar\\\/#primaryimage\",\"url\":\"https:\\\/\\\/pilasciudadano.com\\\/wp-content\\\/uploads\\\/2026\\\/08\\\/WhatsApp-Image-2026-08-30-at-20.55.19.jpeg\",\"contentUrl\":\"https:\\\/\\\/pilasciudadano.com\\\/wp-content\\\/uploads\\\/2026\\\/08\\\/WhatsApp-Image-2026-08-30-at-20.55.19.jpeg\",\"width\":1280,\"height\":854},{\"@type\":\"BreadcrumbList\",\"@id\":\"https:\\\/\\\/pilasciudadano.com\\\/index.php\\\/2026\\\/08\\\/31\\\/nos-veran-volver-mas-grandes-y-fuertes-pereira-renacera-lo-juro-alcalde-mauricio-salazar\\\/#breadcrumb\",\"itemListElement\":[{\"@type\":\"ListItem\",\"position\":1,\"name\":\"Portada\",\"item\":\"https:\\\/\\\/pilasciudadano.com\\\/\"},{\"@type\":\"ListItem\",\"position\":2,\"name\":\"NOS VER\u00c1N VOLVER, M\u00c1S GRANDES Y FUERTES. PEREIRA RENACER\u00c1, LO JURO\u00bb: ALCALDE MAURICIO SALAZAR\"}]},{\"@type\":\"WebSite\",\"@id\":\"https:\\\/\\\/pilasciudadano.com\\\/#website\",\"url\":\"https:\\\/\\\/pilasciudadano.com\\\/\",\"name\":\"Peri\u00f3dico Pilas Ciudadano\",\"description\":\"Peri\u00f3dico\",\"publisher\":{\"@id\":\"https:\\\/\\\/pilasciudadano.com\\\/#organization\"},\"potentialAction\":[{\"@type\":\"SearchAction\",\"target\":{\"@type\":\"EntryPoint\",\"urlTemplate\":\"https:\\\/\\\/pilasciudadano.com\\\/?s={search_term_string}\"},\"query-input\":{\"@type\":\"PropertyValueSpecification\",\"valueRequired\":true,\"valueName\":\"search_term_string\"}}],\"inLanguage\":\"es\"},{\"@type\":\"Organization\",\"@id\":\"https:\\\/\\\/pilasciudadano.com\\\/#organization\",\"name\":\"Pilas Ciudadano\",\"url\":\"https:\\\/\\\/pilasciudadano.com\\\/\",\"logo\":{\"@type\":\"ImageObject\",\"inLanguage\":\"es\",\"@id\":\"https:\\\/\\\/pilasciudadano.com\\\/#\\\/schema\\\/logo\\\/image\\\/\",\"url\":\"https:\\\/\\\/pilasciudadano.com\\\/wp-content\\\/uploads\\\/2026\\\/02\\\/pilasciudadano-logonuevo.png\",\"contentUrl\":\"https:\\\/\\\/pilasciudadano.com\\\/wp-content\\\/uploads\\\/2026\\\/02\\\/pilasciudadano-logonuevo.png\",\"width\":400,\"height\":100,\"caption\":\"Pilas Ciudadano\"},\"image\":{\"@id\":\"https:\\\/\\\/pilasciudadano.com\\\/#\\\/schema\\\/logo\\\/image\\\/\"},\"sameAs\":[\"https:\\\/\\\/www.facebook.com\\\/Pilas.Ciudadano2016\"]},{\"@type\":\"Person\",\"@id\":\"https:\\\/\\\/pilasciudadano.com\\\/#\\\/schema\\\/person\\\/688b9b2c770c6fd728a48d16fc69ee0c\",\"name\":\"alejopilas\",\"image\":{\"@type\":\"ImageObject\",\"inLanguage\":\"es\",\"@id\":\"https:\\\/\\\/secure.gravatar.com\\\/avatar\\\/bdf0ac2f20d892194ce0869a43b9c7b34a5db3b80422017dd941f5ef39fbadb4?s=96&d=mm&r=g\",\"url\":\"https:\\\/\\\/secure.gravatar.com\\\/avatar\\\/bdf0ac2f20d892194ce0869a43b9c7b34a5db3b80422017dd941f5ef39fbadb4?s=96&d=mm&r=g\",\"contentUrl\":\"https:\\\/\\\/secure.gravatar.com\\\/avatar\\\/bdf0ac2f20d892194ce0869a43b9c7b34a5db3b80422017dd941f5ef39fbadb4?s=96&d=mm&r=g\",\"caption\":\"alejopilas\"},\"sameAs\":[\"https:\\\/\\\/pilasciudadano.com\"],\"url\":\"https:\\\/\\\/pilasciudadano.com\\\/index.php\\\/author\\\/alejopilas\\\/\"}]}<\/script>\n<!-- \/ Yoast SEO plugin. -->","yoast_head_json":{"title":"NOS VER\u00c1N VOLVER, M\u00c1S GRANDES Y FUERTES. PEREIRA RENACER\u00c1, LO JURO\": ALCALDE MAURICIO SALAZAR - PILAS CIUDADANO","robots":{"index":"index","follow":"follow","max-snippet":"max-snippet:-1","max-image-preview":"max-image-preview:large","max-video-preview":"max-video-preview:-1"},"canonical":"https:\/\/pilasciudadano.com\/index.php\/2026\/08\/31\/nos-veran-volver-mas-grandes-y-fuertes-pereira-renacera-lo-juro-alcalde-mauricio-salazar\/","og_locale":"es_ES","og_type":"article","og_title":"NOS VER\u00c1N VOLVER, M\u00c1S GRANDES Y FUERTES. PEREIRA RENACER\u00c1, LO JURO\": ALCALDE MAURICIO SALAZAR - PILAS CIUDADANO","og_description":"Pereira conmemor\u00f3 sus 163 a\u00f1os con un acto de profundo amor, uni\u00f3n y homenaje en memoria de las v\u00edctimas del terremoto. Pereira, 30 de agosto de 2026. En un ambiente de solemnidad, profunda emotividad, abrazo fraterno y una esperanza inquebrantable, la Plaza C\u00edvica Ciudad Victoria fue el escenario para un homenaje que se vivi\u00f3 desde...","og_url":"https:\/\/pilasciudadano.com\/index.php\/2026\/08\/31\/nos-veran-volver-mas-grandes-y-fuertes-pereira-renacera-lo-juro-alcalde-mauricio-salazar\/","og_site_name":"PILAS CIUDADANO","article_publisher":"https:\/\/www.facebook.com\/Pilas.Ciudadano2016","article_published_time":"2026-08-31T02:09:35+00:00","article_modified_time":"2026-08-31T02:09:40+00:00","og_image":[{"width":1280,"height":854,"url":"https:\/\/pilasciudadano.com\/wp-content\/uploads\/2026\/08\/WhatsApp-Image-2026-08-30-at-20.55.19.jpeg","type":"image\/jpeg"}],"author":"alejopilas","twitter_card":"summary_large_image","twitter_misc":{"Escrito por":"alejopilas","Tiempo de lectura":"3 minutos"},"schema":{"@context":"https:\/\/schema.org","@graph":[{"@type":"Article","@id":"https:\/\/pilasciudadano.com\/index.php\/2026\/08\/31\/nos-veran-volver-mas-grandes-y-fuertes-pereira-renacera-lo-juro-alcalde-mauricio-salazar\/#article","isPartOf":{"@id":"https:\/\/pilasciudadano.com\/index.php\/2026\/08\/31\/nos-veran-volver-mas-grandes-y-fuertes-pereira-renacera-lo-juro-alcalde-mauricio-salazar\/"},"author":{"name":"alejopilas","@id":"https:\/\/pilasciudadano.com\/#\/schema\/person\/688b9b2c770c6fd728a48d16fc69ee0c"},"headline":"NOS VER\u00c1N VOLVER, M\u00c1S GRANDES Y FUERTES. PEREIRA RENACER\u00c1, LO JURO\u00bb: ALCALDE MAURICIO SALAZAR","datePublished":"2026-08-31T02:09:35+00:00","dateModified":"2026-08-31T02:09:40+00:00","mainEntityOfPage":{"@id":"https:\/\/pilasciudadano.com\/index.php\/2026\/08\/31\/nos-veran-volver-mas-grandes-y-fuertes-pereira-renacera-lo-juro-alcalde-mauricio-salazar\/"},"wordCount":571,"publisher":{"@id":"https:\/\/pilasciudadano.com\/#organization"},"image":{"@id":"https:\/\/pilasciudadano.com\/index.php\/2026\/08\/31\/nos-veran-volver-mas-grandes-y-fuertes-pereira-renacera-lo-juro-alcalde-mauricio-salazar\/#primaryimage"},"thumbnailUrl":"https:\/\/pilasciudadano.com\/wp-content\/uploads\/2026\/08\/WhatsApp-Image-2026-08-30-at-20.55.19.jpeg","articleSection":["Actualidad","Eje Cafetero","Pereira"],"inLanguage":"es"},{"@type":"WebPage","@id":"https:\/\/pilasciudadano.com\/index.php\/2026\/08\/31\/nos-veran-volver-mas-grandes-y-fuertes-pereira-renacera-lo-juro-alcalde-mauricio-salazar\/","url":"https:\/\/pilasciudadano.com\/index.php\/2026\/08\/31\/nos-veran-volver-mas-grandes-y-fuertes-pereira-renacera-lo-juro-alcalde-mauricio-salazar\/","name":"NOS VER\u00c1N VOLVER, M\u00c1S GRANDES Y FUERTES. PEREIRA RENACER\u00c1, LO JURO\": ALCALDE MAURICIO SALAZAR - PILAS CIUDADANO","isPartOf":{"@id":"https:\/\/pilasciudadano.com\/#website"},"primaryImageOfPage":{"@id":"https:\/\/pilasciudadano.com\/index.php\/2026\/08\/31\/nos-veran-volver-mas-grandes-y-fuertes-pereira-renacera-lo-juro-alcalde-mauricio-salazar\/#primaryimage"},"image":{"@id":"https:\/\/pilasciudadano.com\/index.php\/2026\/08\/31\/nos-veran-volver-mas-grandes-y-fuertes-pereira-renacera-lo-juro-alcalde-mauricio-salazar\/#primaryimage"},"thumbnailUrl":"https:\/\/pilasciudadano.com\/wp-content\/uploads\/2026\/08\/WhatsApp-Image-2026-08-30-at-20.55.19.jpeg","datePublished":"2026-08-31T02:09:35+00:00","dateModified":"2026-08-31T02:09:40+00:00","breadcrumb":{"@id":"https:\/\/pilasciudadano.com\/index.php\/2026\/08\/31\/nos-veran-volver-mas-grandes-y-fuertes-pereira-renacera-lo-juro-alcalde-mauricio-salazar\/#breadcrumb"},"inLanguage":"es","potentialAction":[{"@type":"ReadAction","target":["https:\/\/pilasciudadano.com\/index.php\/2026\/08\/31\/nos-veran-volver-mas-grandes-y-fuertes-pereira-renacera-lo-juro-alcalde-mauricio-salazar\/"]}]},{"@type":"ImageObject","inLanguage":"es","@id":"https:\/\/pilasciudadano.com\/index.php\/2026\/08\/31\/nos-veran-volver-mas-grandes-y-fuertes-pereira-renacera-lo-juro-alcalde-mauricio-salazar\/#primaryimage","url":"https:\/\/pilasciudadano.com\/wp-content\/uploads\/2026\/08\/WhatsApp-Image-2026-08-30-at-20.55.19.jpeg","contentUrl":"https:\/\/pilasciudadano.com\/wp-content\/uploads\/2026\/08\/WhatsApp-Image-2026-08-30-at-20.55.19.jpeg","width":1280,"height":854},{"@type":"BreadcrumbList","@id":"https:\/\/pilasciudadano.com\/index.php\/2026\/08\/31\/nos-veran-volver-mas-grandes-y-fuertes-pereira-renacera-lo-juro-alcalde-mauricio-salazar\/#breadcrumb","itemListElement":[{"@type":"ListItem","position":1,"name":"Portada","item":"https:\/\/pilasciudadano.com\/"},{"@type":"ListItem","position":2,"name":"NOS VER\u00c1N VOLVER, M\u00c1S GRANDES Y FUERTES. PEREIRA RENACER\u00c1, LO JURO\u00bb: ALCALDE MAURICIO SALAZAR"}]},{"@type":"WebSite","@id":"https:\/\/pilasciudadano.com\/#website","url":"https:\/\/pilasciudadano.com\/","name":"Peri\u00f3dico Pilas Ciudadano","description":"Peri\u00f3dico","publisher":{"@id":"https:\/\/pilasciudadano.com\/#organization"},"potentialAction":[{"@type":"SearchAction","target":{"@type":"EntryPoint","urlTemplate":"https:\/\/pilasciudadano.com\/?s={search_term_string}"},"query-input":{"@type":"PropertyValueSpecification","valueRequired":true,"valueName":"search_term_string"}}],"inLanguage":"es"},{"@type":"Organization","@id":"https:\/\/pilasciudadano.com\/#organization","name":"Pilas Ciudadano","url":"https:\/\/pilasciudadano.com\/","logo":{"@type":"ImageObject","inLanguage":"es","@id":"https:\/\/pilasciudadano.com\/#\/schema\/logo\/image\/","url":"https:\/\/pilasciudadano.com\/wp-content\/uploads\/2026\/02\/pilasciudadano-logonuevo.png","contentUrl":"https:\/\/pilasciudadano.com\/wp-content\/uploads\/2026\/02\/pilasciudadano-logonuevo.png","width":400,"height":100,"caption":"Pilas Ciudadano"},"image":{"@id":"https:\/\/pilasciudadano.com\/#\/schema\/logo\/image\/"},"sameAs":["https:\/\/www.facebook.com\/Pilas.Ciudadano2016"]},{"@type":"Person","@id":"https:\/\/pilasciudadano.com\/#\/schema\/person\/688b9b2c770c6fd728a48d16fc69ee0c","name":"alejopilas","image":{"@type":"ImageObject","inLanguage":"es","@id":"https:\/\/secure.gravatar.com\/avatar\/bdf0ac2f20d892194ce0869a43b9c7b34a5db3b80422017dd941f5ef39fbadb4?s=96&d=mm&r=g","url":"https:\/\/secure.gravatar.com\/avatar\/bdf0ac2f20d892194ce0869a43b9c7b34a5db3b80422017dd941f5ef39fbadb4?s=96&d=mm&r=g","contentUrl":"https:\/\/secure.gravatar.com\/avatar\/bdf0ac2f20d892194ce0869a43b9c7b34a5db3b80422017dd941f5ef39fbadb4?s=96&d=mm&r=g","caption":"alejopilas"},"sameAs":["https:\/\/pilasciudadano.com"],"url":"https:\/\/pilasciudadano.com\/index.php\/author\/alejopilas\/"}]}},"_links":{"self":[{"href":"https:\/\/pilasciudadano.com\/index.php\/wp-json\/wp\/v2\/posts\/4433","targetHints":{"allow":["GET"]}}],"collection":[{"href":"https:\/\/pilasciudadano.com\/index.php\/wp-json\/wp\/v2\/posts"}],"about":[{"href":"https:\/\/pilasciudadano.com\/index.php\/wp-json\/wp\/v2\/types\/post"}],"author":[{"embeddable":true,"href":"https:\/\/pilasciudadano.com\/index.php\/wp-json\/wp\/v2\/users\/1"}],"replies":[{"embeddable":true,"href":"https:\/\/pilasciudadano.com\/index.php\/wp-json\/wp\/v2\/comments?post=4433"}],"version-history":[{"count":1,"href":"https:\/\/pilasciudadano.com\/index.php\/wp-json\/wp\/v2\/posts\/4433\/revisions"}],"predecessor-version":[{"id":4435,"href":"https:\/\/pilasciudadano.com\/index.php\/wp-json\/wp\/v2\/posts\/4433\/revisions\/4435"}],"wp:featuredmedia":[{"embeddable":true,"href":"https:\/\/pilasciudadano.com\/index.php\/wp-json\/wp\/v2\/media\/4434"}],"wp:attachment":[{"href":"https:\/\/pilasciudadano.com\/index.php\/wp-json\/wp\/v2\/media?parent=4433"}],"wp:term":[{"taxonomy":"category","embeddable":true,"href":"https:\/\/pilasciudadano.com\/index.php\/wp-json\/wp\/v2\/categories?post=4433"},{"taxonomy":"post_tag","embeddable":true,"href":"https:\/\/pilasciudadano.com\/index.php\/wp-json\/wp\/v2\/tags?post=4433"}],"curies":[{"name":"wp","href":"https:\/\/api.w.org\/{rel}","templated":true}]}}