{"id":4344,"date":"2026-04-30T04:37:16","date_gmt":"2026-04-30T02:37:16","guid":{"rendered":"https:\/\/pilasciudadano.com\/?p=4344"},"modified":"2026-04-30T04:37:17","modified_gmt":"2026-04-30T02:37:17","slug":"sergio-aristizabal-la-nueva-voz-de-la-musica-popular","status":"publish","type":"post","link":"https:\/\/pilasciudadano.com\/index.php\/2026\/04\/30\/sergio-aristizabal-la-nueva-voz-de-la-musica-popular\/","title":{"rendered":"SERGIO ARISTIZ\u00c1BAL, LA NUEVA VOZ DE LA M\u00daSICA POPULAR."},"content":{"rendered":"\n<p>Con 22 a\u00f1os y el tema \u2018Mala Compa\u00f1\u00eda\u2019, el joven caldense inicia su recorrido por Risaralda para cumplir el sue\u00f1o que tiene desde ni\u00f1o: vivir de la m\u00fasica.<\/p>\n\n\n\n<p>A los 22 a\u00f1os, Sergio Aristiz\u00e1bal decidi\u00f3 que era momento de que el pa\u00eds escuchara su historia. Nacido en el departamento de Caldas, este joven artista incursiona en la m\u00fasica popular con \u2018Mala Compa\u00f1\u00eda\u2019, un sencillo que naci\u00f3 de una vivencia personal y que hoy se convierte en su carta de presentaci\u00f3n para este 2026.<\/p>\n\n\n\n<p>\u201cLa canci\u00f3n sali\u00f3 de algo que me pas\u00f3. Sent\u00ed que ten\u00eda que contarlo y la mejor forma fue componi\u00e9ndola\u201d, asegura Aristiz\u00e1bal, quien desde peque\u00f1o so\u00f1\u00f3 con ser cantante. Ese anhelo, que parec\u00eda lejano, hoy empieza a tomar forma a punta de sacrificio, disciplina y un talento que ya reconocen en su tierra.<\/p>\n\n\n\n<p>\u2018Mala Compa\u00f1\u00eda\u2019 no solo habla de desamor y malas decisiones. Es tambi\u00e9n el reflejo de una generaci\u00f3n que convierte sus ca\u00eddas en m\u00fasica. Con arreglos propios del g\u00e9nero popular y una voz que conecta con el despecho, el tema busca abrirle espacio en una industria competitiva.<\/p>\n\n\n\n<p>Pero el camino apenas comienza. Este a\u00f1o, Sergio inici\u00f3 un recorrido por el departamento de Risaralda con un objetivo claro: llevar su m\u00fasica a los municipios, tocar puertas y presentarse ante nuevos p\u00fablicos. \u201cQuiero que la gente de Risaralda me conozca, que escuchen \u2018Mala Compa\u00f1\u00eda\u2019 y se identifiquen. Uno empieza desde abajo, recorriendo pueblo por pueblo\u201d, dice.<\/p>\n\n\n\n<p>Quienes lo conocen destacan su constancia. No ha sido f\u00e1cil. Ensayos interminables, negativas, tocar en escenarios peque\u00f1os y combinar la m\u00fasica con otras labores para sostener el proyecto hacen parte de su d\u00eda a d\u00eda. Sin embargo, \u00e9l insiste en que cada paso vale la pena. \u201cEsto es de resistencia. Desde ni\u00f1o lo so\u00f1\u00e9 y hoy, poco a poco, lo voy logrando\u201d.<\/p>\n\n\n\n<p>El 2026 se perfila como un a\u00f1o clave para Sergio Aristiz\u00e1bal. Con \u2018Mala Compa\u00f1\u00eda\u2019 como bandera, proyecci\u00f3n en el Eje Cafetero y el respaldo de su talento, espera consolidarse como una de las nuevas figuras de la m\u00fasica popular colombiana.<\/p>\n\n\n\n<p>Por ahora, sigue recorriendo kil\u00f3metros, guitarra al hombro, con la certeza de que los sue\u00f1os, cuando se cantan, llegan m\u00e1s lejos.<\/p>\n\n\n\n<p>Dato: \u2018Mala Compa\u00f1\u00eda\u2019 ya se encuentra disponible en plataformas digitales y redes sociales del artista.<\/p>\n\n\n\n<figure class=\"wp-block-embed is-type-video is-provider-youtube wp-block-embed-youtube wp-embed-aspect-16-9 wp-has-aspect-ratio\"><div class=\"wp-block-embed__wrapper\">\n<iframe loading=\"lazy\" title=\"Sergio Aristiz\u00e1bal - Falsa Compa\u00f1\u00eda (Video Oficial)\" width=\"720\" height=\"405\" src=\"https:\/\/www.youtube.com\/embed\/iMC7apVG1tI?feature=oembed\" frameborder=\"0\" allow=\"accelerometer; autoplay; clipboard-write; encrypted-media; gyroscope; picture-in-picture; web-share\" referrerpolicy=\"strict-origin-when-cross-origin\" allowfullscreen><\/iframe>\n<\/div><\/figure>\n","protected":false},"excerpt":{"rendered":"<p>Con 22 a\u00f1os y el tema \u2018Mala Compa\u00f1\u00eda\u2019, el joven caldense inicia su recorrido por Risaralda para cumplir el sue\u00f1o que tiene desde ni\u00f1o: vivir de la m\u00fasica. A los 22 a\u00f1os, Sergio Aristiz\u00e1bal decidi\u00f3 que era momento de que el pa\u00eds escuchara su historia. Nacido en el departamento de Caldas, este joven artista incursiona&#8230;<\/p>\n","protected":false},"author":1,"featured_media":4345,"comment_status":"closed","ping_status":"closed","sticky":false,"template":"","format":"standard","meta":{"_eb_attr":"","_kad_post_transparent":"","_kad_post_title":"","_kad_post_layout":"","_kad_post_sidebar_id":"","_kad_post_content_style":"","_kad_post_vertical_padding":"","_kad_post_feature":"","_kad_post_feature_position":"","_kad_post_header":false,"_kad_post_footer":false,"_kad_post_classname":"","footnotes":""},"categories":[9,14,1],"tags":[],"class_list":["post-4344","post","type-post","status-publish","format-standard","has-post-thumbnail","hentry","category-actualidad","category-risaralda","category-sin-categoria"],"yoast_head":"<!-- This site is optimized with the Yoast SEO plugin v27.5 - https:\/\/yoast.com\/product\/yoast-seo-wordpress\/ -->\n<title>SERGIO ARISTIZ\u00c1BAL, LA NUEVA VOZ DE LA M\u00daSICA POPULAR. - PILAS CIUDADANO<\/title>\n<meta name=\"robots\" content=\"index, follow, max-snippet:-1, max-image-preview:large, max-video-preview:-1\" \/>\n<link rel=\"canonical\" href=\"https:\/\/pilasciudadano.com\/index.php\/2026\/04\/30\/sergio-aristizabal-la-nueva-voz-de-la-musica-popular\/\" \/>\n<meta property=\"og:locale\" content=\"es_ES\" \/>\n<meta property=\"og:type\" content=\"article\" \/>\n<meta property=\"og:title\" content=\"SERGIO ARISTIZ\u00c1BAL, LA NUEVA VOZ DE LA M\u00daSICA POPULAR. - PILAS CIUDADANO\" \/>\n<meta property=\"og:description\" content=\"Con 22 a\u00f1os y el tema \u2018Mala Compa\u00f1\u00eda\u2019, el joven caldense inicia su recorrido por Risaralda para cumplir el sue\u00f1o que tiene desde ni\u00f1o: vivir de la m\u00fasica. A los 22 a\u00f1os, Sergio Aristiz\u00e1bal decidi\u00f3 que era momento de que el pa\u00eds escuchara su historia. Nacido en el departamento de Caldas, este joven artista incursiona...\" \/>\n<meta property=\"og:url\" content=\"https:\/\/pilasciudadano.com\/index.php\/2026\/04\/30\/sergio-aristizabal-la-nueva-voz-de-la-musica-popular\/\" \/>\n<meta property=\"og:site_name\" content=\"PILAS CIUDADANO\" \/>\n<meta property=\"article:publisher\" content=\"https:\/\/www.facebook.com\/Pilas.Ciudadano2016\" \/>\n<meta property=\"article:published_time\" content=\"2026-04-30T02:37:16+00:00\" \/>\n<meta property=\"article:modified_time\" content=\"2026-04-30T02:37:17+00:00\" \/>\n<meta property=\"og:image\" content=\"https:\/\/pilasciudadano.com\/wp-content\/uploads\/2026\/04\/WhatsApp-Image-2026-04-29-at-21.30.11.jpeg\" \/>\n\t<meta property=\"og:image:width\" content=\"854\" \/>\n\t<meta property=\"og:image:height\" content=\"1280\" \/>\n\t<meta property=\"og:image:type\" content=\"image\/jpeg\" \/>\n<meta name=\"author\" content=\"alejopilas\" \/>\n<meta name=\"twitter:card\" content=\"summary_large_image\" \/>\n<meta name=\"twitter:label1\" content=\"Escrito por\" \/>\n\t<meta name=\"twitter:data1\" content=\"alejopilas\" \/>\n\t<meta name=\"twitter:label2\" content=\"Tiempo de lectura\" \/>\n\t<meta name=\"twitter:data2\" content=\"2 minutos\" \/>\n<script type=\"application\/ld+json\" class=\"yoast-schema-graph\">{\"@context\":\"https:\\\/\\\/schema.org\",\"@graph\":[{\"@type\":\"Article\",\"@id\":\"https:\\\/\\\/pilasciudadano.com\\\/index.php\\\/2026\\\/04\\\/30\\\/sergio-aristizabal-la-nueva-voz-de-la-musica-popular\\\/#article\",\"isPartOf\":{\"@id\":\"https:\\\/\\\/pilasciudadano.com\\\/index.php\\\/2026\\\/04\\\/30\\\/sergio-aristizabal-la-nueva-voz-de-la-musica-popular\\\/\"},\"author\":{\"name\":\"alejopilas\",\"@id\":\"https:\\\/\\\/pilasciudadano.com\\\/#\\\/schema\\\/person\\\/688b9b2c770c6fd728a48d16fc69ee0c\"},\"headline\":\"SERGIO ARISTIZ\u00c1BAL, LA NUEVA VOZ DE LA M\u00daSICA POPULAR.\",\"datePublished\":\"2026-04-30T02:37:16+00:00\",\"dateModified\":\"2026-04-30T02:37:17+00:00\",\"mainEntityOfPage\":{\"@id\":\"https:\\\/\\\/pilasciudadano.com\\\/index.php\\\/2026\\\/04\\\/30\\\/sergio-aristizabal-la-nueva-voz-de-la-musica-popular\\\/\"},\"wordCount\":434,\"publisher\":{\"@id\":\"https:\\\/\\\/pilasciudadano.com\\\/#organization\"},\"image\":{\"@id\":\"https:\\\/\\\/pilasciudadano.com\\\/index.php\\\/2026\\\/04\\\/30\\\/sergio-aristizabal-la-nueva-voz-de-la-musica-popular\\\/#primaryimage\"},\"thumbnailUrl\":\"https:\\\/\\\/pilasciudadano.com\\\/wp-content\\\/uploads\\\/2026\\\/04\\\/WhatsApp-Image-2026-04-29-at-21.30.11.jpeg\",\"articleSection\":[\"Actualidad\",\"Risaralda\"],\"inLanguage\":\"es\"},{\"@type\":\"WebPage\",\"@id\":\"https:\\\/\\\/pilasciudadano.com\\\/index.php\\\/2026\\\/04\\\/30\\\/sergio-aristizabal-la-nueva-voz-de-la-musica-popular\\\/\",\"url\":\"https:\\\/\\\/pilasciudadano.com\\\/index.php\\\/2026\\\/04\\\/30\\\/sergio-aristizabal-la-nueva-voz-de-la-musica-popular\\\/\",\"name\":\"SERGIO ARISTIZ\u00c1BAL, LA NUEVA VOZ DE LA M\u00daSICA POPULAR. - PILAS CIUDADANO\",\"isPartOf\":{\"@id\":\"https:\\\/\\\/pilasciudadano.com\\\/#website\"},\"primaryImageOfPage\":{\"@id\":\"https:\\\/\\\/pilasciudadano.com\\\/index.php\\\/2026\\\/04\\\/30\\\/sergio-aristizabal-la-nueva-voz-de-la-musica-popular\\\/#primaryimage\"},\"image\":{\"@id\":\"https:\\\/\\\/pilasciudadano.com\\\/index.php\\\/2026\\\/04\\\/30\\\/sergio-aristizabal-la-nueva-voz-de-la-musica-popular\\\/#primaryimage\"},\"thumbnailUrl\":\"https:\\\/\\\/pilasciudadano.com\\\/wp-content\\\/uploads\\\/2026\\\/04\\\/WhatsApp-Image-2026-04-29-at-21.30.11.jpeg\",\"datePublished\":\"2026-04-30T02:37:16+00:00\",\"dateModified\":\"2026-04-30T02:37:17+00:00\",\"breadcrumb\":{\"@id\":\"https:\\\/\\\/pilasciudadano.com\\\/index.php\\\/2026\\\/04\\\/30\\\/sergio-aristizabal-la-nueva-voz-de-la-musica-popular\\\/#breadcrumb\"},\"inLanguage\":\"es\",\"potentialAction\":[{\"@type\":\"ReadAction\",\"target\":[\"https:\\\/\\\/pilasciudadano.com\\\/index.php\\\/2026\\\/04\\\/30\\\/sergio-aristizabal-la-nueva-voz-de-la-musica-popular\\\/\"]}]},{\"@type\":\"ImageObject\",\"inLanguage\":\"es\",\"@id\":\"https:\\\/\\\/pilasciudadano.com\\\/index.php\\\/2026\\\/04\\\/30\\\/sergio-aristizabal-la-nueva-voz-de-la-musica-popular\\\/#primaryimage\",\"url\":\"https:\\\/\\\/pilasciudadano.com\\\/wp-content\\\/uploads\\\/2026\\\/04\\\/WhatsApp-Image-2026-04-29-at-21.30.11.jpeg\",\"contentUrl\":\"https:\\\/\\\/pilasciudadano.com\\\/wp-content\\\/uploads\\\/2026\\\/04\\\/WhatsApp-Image-2026-04-29-at-21.30.11.jpeg\",\"width\":854,\"height\":1280},{\"@type\":\"BreadcrumbList\",\"@id\":\"https:\\\/\\\/pilasciudadano.com\\\/index.php\\\/2026\\\/04\\\/30\\\/sergio-aristizabal-la-nueva-voz-de-la-musica-popular\\\/#breadcrumb\",\"itemListElement\":[{\"@type\":\"ListItem\",\"position\":1,\"name\":\"Portada\",\"item\":\"https:\\\/\\\/pilasciudadano.com\\\/\"},{\"@type\":\"ListItem\",\"position\":2,\"name\":\"SERGIO ARISTIZ\u00c1BAL, LA NUEVA VOZ DE LA M\u00daSICA POPULAR.\"}]},{\"@type\":\"WebSite\",\"@id\":\"https:\\\/\\\/pilasciudadano.com\\\/#website\",\"url\":\"https:\\\/\\\/pilasciudadano.com\\\/\",\"name\":\"Peri\u00f3dico Pilas Ciudadano\",\"description\":\"Peri\u00f3dico\",\"publisher\":{\"@id\":\"https:\\\/\\\/pilasciudadano.com\\\/#organization\"},\"potentialAction\":[{\"@type\":\"SearchAction\",\"target\":{\"@type\":\"EntryPoint\",\"urlTemplate\":\"https:\\\/\\\/pilasciudadano.com\\\/?s={search_term_string}\"},\"query-input\":{\"@type\":\"PropertyValueSpecification\",\"valueRequired\":true,\"valueName\":\"search_term_string\"}}],\"inLanguage\":\"es\"},{\"@type\":\"Organization\",\"@id\":\"https:\\\/\\\/pilasciudadano.com\\\/#organization\",\"name\":\"Pilas Ciudadano\",\"url\":\"https:\\\/\\\/pilasciudadano.com\\\/\",\"logo\":{\"@type\":\"ImageObject\",\"inLanguage\":\"es\",\"@id\":\"https:\\\/\\\/pilasciudadano.com\\\/#\\\/schema\\\/logo\\\/image\\\/\",\"url\":\"https:\\\/\\\/pilasciudadano.com\\\/wp-content\\\/uploads\\\/2026\\\/02\\\/pilasciudadano-logonuevo.png\",\"contentUrl\":\"https:\\\/\\\/pilasciudadano.com\\\/wp-content\\\/uploads\\\/2026\\\/02\\\/pilasciudadano-logonuevo.png\",\"width\":400,\"height\":100,\"caption\":\"Pilas Ciudadano\"},\"image\":{\"@id\":\"https:\\\/\\\/pilasciudadano.com\\\/#\\\/schema\\\/logo\\\/image\\\/\"},\"sameAs\":[\"https:\\\/\\\/www.facebook.com\\\/Pilas.Ciudadano2016\"]},{\"@type\":\"Person\",\"@id\":\"https:\\\/\\\/pilasciudadano.com\\\/#\\\/schema\\\/person\\\/688b9b2c770c6fd728a48d16fc69ee0c\",\"name\":\"alejopilas\",\"image\":{\"@type\":\"ImageObject\",\"inLanguage\":\"es\",\"@id\":\"https:\\\/\\\/secure.gravatar.com\\\/avatar\\\/bdf0ac2f20d892194ce0869a43b9c7b34a5db3b80422017dd941f5ef39fbadb4?s=96&d=mm&r=g\",\"url\":\"https:\\\/\\\/secure.gravatar.com\\\/avatar\\\/bdf0ac2f20d892194ce0869a43b9c7b34a5db3b80422017dd941f5ef39fbadb4?s=96&d=mm&r=g\",\"contentUrl\":\"https:\\\/\\\/secure.gravatar.com\\\/avatar\\\/bdf0ac2f20d892194ce0869a43b9c7b34a5db3b80422017dd941f5ef39fbadb4?s=96&d=mm&r=g\",\"caption\":\"alejopilas\"},\"sameAs\":[\"https:\\\/\\\/pilasciudadano.com\"],\"url\":\"https:\\\/\\\/pilasciudadano.com\\\/index.php\\\/author\\\/alejopilas\\\/\"}]}<\/script>\n<!-- \/ Yoast SEO plugin. -->","yoast_head_json":{"title":"SERGIO ARISTIZ\u00c1BAL, LA NUEVA VOZ DE LA M\u00daSICA POPULAR. - PILAS CIUDADANO","robots":{"index":"index","follow":"follow","max-snippet":"max-snippet:-1","max-image-preview":"max-image-preview:large","max-video-preview":"max-video-preview:-1"},"canonical":"https:\/\/pilasciudadano.com\/index.php\/2026\/04\/30\/sergio-aristizabal-la-nueva-voz-de-la-musica-popular\/","og_locale":"es_ES","og_type":"article","og_title":"SERGIO ARISTIZ\u00c1BAL, LA NUEVA VOZ DE LA M\u00daSICA POPULAR. - PILAS CIUDADANO","og_description":"Con 22 a\u00f1os y el tema \u2018Mala Compa\u00f1\u00eda\u2019, el joven caldense inicia su recorrido por Risaralda para cumplir el sue\u00f1o que tiene desde ni\u00f1o: vivir de la m\u00fasica. A los 22 a\u00f1os, Sergio Aristiz\u00e1bal decidi\u00f3 que era momento de que el pa\u00eds escuchara su historia. Nacido en el departamento de Caldas, este joven artista incursiona...","og_url":"https:\/\/pilasciudadano.com\/index.php\/2026\/04\/30\/sergio-aristizabal-la-nueva-voz-de-la-musica-popular\/","og_site_name":"PILAS CIUDADANO","article_publisher":"https:\/\/www.facebook.com\/Pilas.Ciudadano2016","article_published_time":"2026-04-30T02:37:16+00:00","article_modified_time":"2026-04-30T02:37:17+00:00","og_image":[{"width":854,"height":1280,"url":"https:\/\/pilasciudadano.com\/wp-content\/uploads\/2026\/04\/WhatsApp-Image-2026-04-29-at-21.30.11.jpeg","type":"image\/jpeg"}],"author":"alejopilas","twitter_card":"summary_large_image","twitter_misc":{"Escrito por":"alejopilas","Tiempo de lectura":"2 minutos"},"schema":{"@context":"https:\/\/schema.org","@graph":[{"@type":"Article","@id":"https:\/\/pilasciudadano.com\/index.php\/2026\/04\/30\/sergio-aristizabal-la-nueva-voz-de-la-musica-popular\/#article","isPartOf":{"@id":"https:\/\/pilasciudadano.com\/index.php\/2026\/04\/30\/sergio-aristizabal-la-nueva-voz-de-la-musica-popular\/"},"author":{"name":"alejopilas","@id":"https:\/\/pilasciudadano.com\/#\/schema\/person\/688b9b2c770c6fd728a48d16fc69ee0c"},"headline":"SERGIO ARISTIZ\u00c1BAL, LA NUEVA VOZ DE LA M\u00daSICA POPULAR.","datePublished":"2026-04-30T02:37:16+00:00","dateModified":"2026-04-30T02:37:17+00:00","mainEntityOfPage":{"@id":"https:\/\/pilasciudadano.com\/index.php\/2026\/04\/30\/sergio-aristizabal-la-nueva-voz-de-la-musica-popular\/"},"wordCount":434,"publisher":{"@id":"https:\/\/pilasciudadano.com\/#organization"},"image":{"@id":"https:\/\/pilasciudadano.com\/index.php\/2026\/04\/30\/sergio-aristizabal-la-nueva-voz-de-la-musica-popular\/#primaryimage"},"thumbnailUrl":"https:\/\/pilasciudadano.com\/wp-content\/uploads\/2026\/04\/WhatsApp-Image-2026-04-29-at-21.30.11.jpeg","articleSection":["Actualidad","Risaralda"],"inLanguage":"es"},{"@type":"WebPage","@id":"https:\/\/pilasciudadano.com\/index.php\/2026\/04\/30\/sergio-aristizabal-la-nueva-voz-de-la-musica-popular\/","url":"https:\/\/pilasciudadano.com\/index.php\/2026\/04\/30\/sergio-aristizabal-la-nueva-voz-de-la-musica-popular\/","name":"SERGIO ARISTIZ\u00c1BAL, LA NUEVA VOZ DE LA M\u00daSICA POPULAR. - PILAS CIUDADANO","isPartOf":{"@id":"https:\/\/pilasciudadano.com\/#website"},"primaryImageOfPage":{"@id":"https:\/\/pilasciudadano.com\/index.php\/2026\/04\/30\/sergio-aristizabal-la-nueva-voz-de-la-musica-popular\/#primaryimage"},"image":{"@id":"https:\/\/pilasciudadano.com\/index.php\/2026\/04\/30\/sergio-aristizabal-la-nueva-voz-de-la-musica-popular\/#primaryimage"},"thumbnailUrl":"https:\/\/pilasciudadano.com\/wp-content\/uploads\/2026\/04\/WhatsApp-Image-2026-04-29-at-21.30.11.jpeg","datePublished":"2026-04-30T02:37:16+00:00","dateModified":"2026-04-30T02:37:17+00:00","breadcrumb":{"@id":"https:\/\/pilasciudadano.com\/index.php\/2026\/04\/30\/sergio-aristizabal-la-nueva-voz-de-la-musica-popular\/#breadcrumb"},"inLanguage":"es","potentialAction":[{"@type":"ReadAction","target":["https:\/\/pilasciudadano.com\/index.php\/2026\/04\/30\/sergio-aristizabal-la-nueva-voz-de-la-musica-popular\/"]}]},{"@type":"ImageObject","inLanguage":"es","@id":"https:\/\/pilasciudadano.com\/index.php\/2026\/04\/30\/sergio-aristizabal-la-nueva-voz-de-la-musica-popular\/#primaryimage","url":"https:\/\/pilasciudadano.com\/wp-content\/uploads\/2026\/04\/WhatsApp-Image-2026-04-29-at-21.30.11.jpeg","contentUrl":"https:\/\/pilasciudadano.com\/wp-content\/uploads\/2026\/04\/WhatsApp-Image-2026-04-29-at-21.30.11.jpeg","width":854,"height":1280},{"@type":"BreadcrumbList","@id":"https:\/\/pilasciudadano.com\/index.php\/2026\/04\/30\/sergio-aristizabal-la-nueva-voz-de-la-musica-popular\/#breadcrumb","itemListElement":[{"@type":"ListItem","position":1,"name":"Portada","item":"https:\/\/pilasciudadano.com\/"},{"@type":"ListItem","position":2,"name":"SERGIO ARISTIZ\u00c1BAL, LA NUEVA VOZ DE LA M\u00daSICA POPULAR."}]},{"@type":"WebSite","@id":"https:\/\/pilasciudadano.com\/#website","url":"https:\/\/pilasciudadano.com\/","name":"Peri\u00f3dico Pilas Ciudadano","description":"Peri\u00f3dico","publisher":{"@id":"https:\/\/pilasciudadano.com\/#organization"},"potentialAction":[{"@type":"SearchAction","target":{"@type":"EntryPoint","urlTemplate":"https:\/\/pilasciudadano.com\/?s={search_term_string}"},"query-input":{"@type":"PropertyValueSpecification","valueRequired":true,"valueName":"search_term_string"}}],"inLanguage":"es"},{"@type":"Organization","@id":"https:\/\/pilasciudadano.com\/#organization","name":"Pilas Ciudadano","url":"https:\/\/pilasciudadano.com\/","logo":{"@type":"ImageObject","inLanguage":"es","@id":"https:\/\/pilasciudadano.com\/#\/schema\/logo\/image\/","url":"https:\/\/pilasciudadano.com\/wp-content\/uploads\/2026\/02\/pilasciudadano-logonuevo.png","contentUrl":"https:\/\/pilasciudadano.com\/wp-content\/uploads\/2026\/02\/pilasciudadano-logonuevo.png","width":400,"height":100,"caption":"Pilas Ciudadano"},"image":{"@id":"https:\/\/pilasciudadano.com\/#\/schema\/logo\/image\/"},"sameAs":["https:\/\/www.facebook.com\/Pilas.Ciudadano2016"]},{"@type":"Person","@id":"https:\/\/pilasciudadano.com\/#\/schema\/person\/688b9b2c770c6fd728a48d16fc69ee0c","name":"alejopilas","image":{"@type":"ImageObject","inLanguage":"es","@id":"https:\/\/secure.gravatar.com\/avatar\/bdf0ac2f20d892194ce0869a43b9c7b34a5db3b80422017dd941f5ef39fbadb4?s=96&d=mm&r=g","url":"https:\/\/secure.gravatar.com\/avatar\/bdf0ac2f20d892194ce0869a43b9c7b34a5db3b80422017dd941f5ef39fbadb4?s=96&d=mm&r=g","contentUrl":"https:\/\/secure.gravatar.com\/avatar\/bdf0ac2f20d892194ce0869a43b9c7b34a5db3b80422017dd941f5ef39fbadb4?s=96&d=mm&r=g","caption":"alejopilas"},"sameAs":["https:\/\/pilasciudadano.com"],"url":"https:\/\/pilasciudadano.com\/index.php\/author\/alejopilas\/"}]}},"_links":{"self":[{"href":"https:\/\/pilasciudadano.com\/index.php\/wp-json\/wp\/v2\/posts\/4344","targetHints":{"allow":["GET"]}}],"collection":[{"href":"https:\/\/pilasciudadano.com\/index.php\/wp-json\/wp\/v2\/posts"}],"about":[{"href":"https:\/\/pilasciudadano.com\/index.php\/wp-json\/wp\/v2\/types\/post"}],"author":[{"embeddable":true,"href":"https:\/\/pilasciudadano.com\/index.php\/wp-json\/wp\/v2\/users\/1"}],"replies":[{"embeddable":true,"href":"https:\/\/pilasciudadano.com\/index.php\/wp-json\/wp\/v2\/comments?post=4344"}],"version-history":[{"count":1,"href":"https:\/\/pilasciudadano.com\/index.php\/wp-json\/wp\/v2\/posts\/4344\/revisions"}],"predecessor-version":[{"id":4346,"href":"https:\/\/pilasciudadano.com\/index.php\/wp-json\/wp\/v2\/posts\/4344\/revisions\/4346"}],"wp:featuredmedia":[{"embeddable":true,"href":"https:\/\/pilasciudadano.com\/index.php\/wp-json\/wp\/v2\/media\/4345"}],"wp:attachment":[{"href":"https:\/\/pilasciudadano.com\/index.php\/wp-json\/wp\/v2\/media?parent=4344"}],"wp:term":[{"taxonomy":"category","embeddable":true,"href":"https:\/\/pilasciudadano.com\/index.php\/wp-json\/wp\/v2\/categories?post=4344"},{"taxonomy":"post_tag","embeddable":true,"href":"https:\/\/pilasciudadano.com\/index.php\/wp-json\/wp\/v2\/tags?post=4344"}],"curies":[{"name":"wp","href":"https:\/\/api.w.org\/{rel}","templated":true}]}}