{"id":4320,"date":"2026-04-28T03:33:02","date_gmt":"2026-04-28T01:33:02","guid":{"rendered":"https:\/\/pilasciudadano.com\/?p=4320"},"modified":"2026-04-28T03:36:13","modified_gmt":"2026-04-28T01:36:13","slug":"lili-pink-asegura-que-se-defendera-y-pide-que-protegerla-marca-en-medio-de-la-extincion-de-dominio","status":"publish","type":"post","link":"https:\/\/pilasciudadano.com\/index.php\/2026\/04\/28\/lili-pink-asegura-que-se-defendera-y-pide-que-protegerla-marca-en-medio-de-la-extincion-de-dominio\/","title":{"rendered":"L\u00cdL\u00cd P\u00cdNK ASEGURA QUE SE DEFENDER\u00c1 Y PIDE  QUE  \u201cPROTEGER LA MARCA\u201d EN MEDIO DE LA EXTINCI\u00d3N DE DOMINIO."},"content":{"rendered":"\n<p>Lili Pink enfrenta acciones sobre m\u00e1s de 300 tiendas y pide proteger su marca, tras m\u00e1s de 20 a\u00f1os de operaci\u00f3n y miles de empleos generados.<\/p>\n\n\n\n<p><strong>Lili Pink&nbsp;<\/strong>se pronunci\u00f3 oficialmente frente al proceso de&nbsp;<strong>extinci\u00f3n de dominio<\/strong>&nbsp;que adelanta la Fiscal\u00eda General de la Naci\u00f3n sobre m\u00e1s de 300 de sus establecimientos comerciales en el pa\u00eds.<\/p>\n\n\n\n<p>En su comunicado, la compa\u00f1\u00eda se\u00f1al\u00f3 que actualmente atiende un proceso administrativo ante entidades legales y regulatorias, el cual est\u00e1 siendo gestionado directamente por su equipo. La empresa indic\u00f3 que las actuaciones adelantadas por las autoridades hacen parte de procedimientos formales dentro del marco legal.<\/p>\n\n\n\n<h2 class=\"wp-block-heading\">\u00bfC\u00f3mo est\u00e1 respondiendo la compa\u00f1\u00eda?<\/h2>\n\n\n\n<p>Seg\u00fan la empresa,<strong>&nbsp;el manejo del caso se est\u00e1 realizando de manera coordinada con asesores legales&nbsp;<\/strong>y en articulaci\u00f3n con las entidades correspondientes. El objetivo, afirm\u00f3, es garantizar que el proceso avance de forma adecuada y conforme a la normativa vigente.<\/p>\n\n\n\n<p>La compa\u00f1\u00eda enfatiz\u00f3 que est\u00e1 actuando con responsabilidad frente a la situaci\u00f3n y que continuar\u00e1 atendiendo cada etapa del proceso en las instancias legales requeridas.<\/p>\n\n\n\n<p>En el mismo pronunciamiento,<strong>\u00a0Lili Pink hizo un llamado directo a la Fiscal\u00eda General de la Naci\u00f3n y a la Sociedad de Activos Especiales (SAE) para que se proteja la marca<\/strong><\/p>\n\n\n\n<p>La empresa destac\u00f3 que, durante m\u00e1s de 20 a\u00f1os, ha logrado consolidarse como un referente nacional e internacional, generando miles de empleos directos e indirectos. En ese sentido, subray\u00f3 la importancia de salvaguardar ese legado y de garantizar la estabilidad laboral de sus trabajadores mientras avanza el proceso.<\/p>\n\n\n\n<h2 class=\"wp-block-heading\">\u00bfQu\u00e9 pasar\u00e1 con la operaci\u00f3n de la empresa?<\/h2>\n\n\n\n<p>Lili Pink reiter\u00f3 su compromiso con sus colaboradores, clientes y aliados estrat\u00e9gicos, al tiempo que agradeci\u00f3 la confianza y el acompa\u00f1amiento en medio de la situaci\u00f3n .Finalmente, la compa\u00f1\u00eda asegur\u00f3 que cualquier informaci\u00f3n relevante sobre el proceso ser\u00e1 comunicada oportunamente a trav\u00e9s de sus canales oficiales, mientras contin\u00faa trabajando para recuperar el manejo de sus activos dentro del marco legal.<\/p>\n\n\n\n<p><\/p>\n","protected":false},"excerpt":{"rendered":"<p>Lili Pink enfrenta acciones sobre m\u00e1s de 300 tiendas y pide proteger su marca, tras m\u00e1s de 20 a\u00f1os de operaci\u00f3n y miles de empleos generados. Lili Pink&nbsp;se pronunci\u00f3 oficialmente frente al proceso de&nbsp;extinci\u00f3n de dominio&nbsp;que adelanta la Fiscal\u00eda General de la Naci\u00f3n sobre m\u00e1s de 300 de sus establecimientos comerciales en el pa\u00eds. En&#8230;<\/p>\n","protected":false},"author":1,"featured_media":4321,"comment_status":"closed","ping_status":"closed","sticky":false,"template":"","format":"standard","meta":{"_eb_attr":"","_kad_post_transparent":"","_kad_post_title":"","_kad_post_layout":"","_kad_post_sidebar_id":"","_kad_post_content_style":"","_kad_post_vertical_padding":"","_kad_post_feature":"","_kad_post_feature_position":"","_kad_post_header":false,"_kad_post_footer":false,"_kad_post_classname":"","footnotes":""},"categories":[9,8,1],"tags":[],"class_list":["post-4320","post","type-post","status-publish","format-standard","has-post-thumbnail","hentry","category-actualidad","category-colombia","category-sin-categoria"],"yoast_head":"<!-- This site is optimized with the Yoast SEO plugin v27.4 - https:\/\/yoast.com\/product\/yoast-seo-wordpress\/ -->\n<title>L\u00cdL\u00cd P\u00cdNK ASEGURA QUE SE DEFENDER\u00c1 Y PIDE QUE \u201cPROTEGER LA MARCA\u201d EN MEDIO DE LA EXTINCI\u00d3N DE DOMINIO. - PILAS CIUDADANO<\/title>\n<meta name=\"robots\" content=\"index, follow, max-snippet:-1, max-image-preview:large, max-video-preview:-1\" \/>\n<link rel=\"canonical\" href=\"https:\/\/pilasciudadano.com\/index.php\/2026\/04\/28\/lili-pink-asegura-que-se-defendera-y-pide-que-protegerla-marca-en-medio-de-la-extincion-de-dominio\/\" \/>\n<meta property=\"og:locale\" content=\"es_ES\" \/>\n<meta property=\"og:type\" content=\"article\" \/>\n<meta property=\"og:title\" content=\"L\u00cdL\u00cd P\u00cdNK ASEGURA QUE SE DEFENDER\u00c1 Y PIDE QUE \u201cPROTEGER LA MARCA\u201d EN MEDIO DE LA EXTINCI\u00d3N DE DOMINIO. - PILAS CIUDADANO\" \/>\n<meta property=\"og:description\" content=\"Lili Pink enfrenta acciones sobre m\u00e1s de 300 tiendas y pide proteger su marca, tras m\u00e1s de 20 a\u00f1os de operaci\u00f3n y miles de empleos generados. Lili Pink&nbsp;se pronunci\u00f3 oficialmente frente al proceso de&nbsp;extinci\u00f3n de dominio&nbsp;que adelanta la Fiscal\u00eda General de la Naci\u00f3n sobre m\u00e1s de 300 de sus establecimientos comerciales en el pa\u00eds. En...\" \/>\n<meta property=\"og:url\" content=\"https:\/\/pilasciudadano.com\/index.php\/2026\/04\/28\/lili-pink-asegura-que-se-defendera-y-pide-que-protegerla-marca-en-medio-de-la-extincion-de-dominio\/\" \/>\n<meta property=\"og:site_name\" content=\"PILAS CIUDADANO\" \/>\n<meta property=\"article:publisher\" content=\"https:\/\/www.facebook.com\/Pilas.Ciudadano2016\" \/>\n<meta property=\"article:published_time\" content=\"2026-04-28T01:33:02+00:00\" \/>\n<meta property=\"article:modified_time\" content=\"2026-04-28T01:36:13+00:00\" \/>\n<meta property=\"og:image\" content=\"https:\/\/pilasciudadano.com\/wp-content\/uploads\/2026\/04\/whatsapp-image-2026-04-27-at-3-31-27-pm-1_50471644_20260427162410.webp\" \/>\n\t<meta property=\"og:image:width\" content=\"780\" \/>\n\t<meta property=\"og:image:height\" content=\"533\" \/>\n\t<meta property=\"og:image:type\" content=\"image\/webp\" \/>\n<meta name=\"author\" content=\"alejopilas\" \/>\n<meta name=\"twitter:card\" content=\"summary_large_image\" \/>\n<meta name=\"twitter:label1\" content=\"Escrito por\" \/>\n\t<meta name=\"twitter:data1\" content=\"alejopilas\" \/>\n\t<meta name=\"twitter:label2\" content=\"Tiempo de lectura\" \/>\n\t<meta name=\"twitter:data2\" content=\"2 minutos\" \/>\n<script type=\"application\/ld+json\" class=\"yoast-schema-graph\">{\"@context\":\"https:\\\/\\\/schema.org\",\"@graph\":[{\"@type\":\"Article\",\"@id\":\"https:\\\/\\\/pilasciudadano.com\\\/index.php\\\/2026\\\/04\\\/28\\\/lili-pink-asegura-que-se-defendera-y-pide-que-protegerla-marca-en-medio-de-la-extincion-de-dominio\\\/#article\",\"isPartOf\":{\"@id\":\"https:\\\/\\\/pilasciudadano.com\\\/index.php\\\/2026\\\/04\\\/28\\\/lili-pink-asegura-que-se-defendera-y-pide-que-protegerla-marca-en-medio-de-la-extincion-de-dominio\\\/\"},\"author\":{\"name\":\"alejopilas\",\"@id\":\"https:\\\/\\\/pilasciudadano.com\\\/#\\\/schema\\\/person\\\/688b9b2c770c6fd728a48d16fc69ee0c\"},\"headline\":\"L\u00cdL\u00cd P\u00cdNK ASEGURA QUE SE DEFENDER\u00c1 Y PIDE QUE \u201cPROTEGER LA MARCA\u201d EN MEDIO DE LA EXTINCI\u00d3N DE DOMINIO.\",\"datePublished\":\"2026-04-28T01:33:02+00:00\",\"dateModified\":\"2026-04-28T01:36:13+00:00\",\"mainEntityOfPage\":{\"@id\":\"https:\\\/\\\/pilasciudadano.com\\\/index.php\\\/2026\\\/04\\\/28\\\/lili-pink-asegura-que-se-defendera-y-pide-que-protegerla-marca-en-medio-de-la-extincion-de-dominio\\\/\"},\"wordCount\":372,\"publisher\":{\"@id\":\"https:\\\/\\\/pilasciudadano.com\\\/#organization\"},\"image\":{\"@id\":\"https:\\\/\\\/pilasciudadano.com\\\/index.php\\\/2026\\\/04\\\/28\\\/lili-pink-asegura-que-se-defendera-y-pide-que-protegerla-marca-en-medio-de-la-extincion-de-dominio\\\/#primaryimage\"},\"thumbnailUrl\":\"https:\\\/\\\/pilasciudadano.com\\\/wp-content\\\/uploads\\\/2026\\\/04\\\/whatsapp-image-2026-04-27-at-3-31-27-pm-1_50471644_20260427162410.webp\",\"articleSection\":[\"Actualidad\",\"Colombia\"],\"inLanguage\":\"es\"},{\"@type\":\"WebPage\",\"@id\":\"https:\\\/\\\/pilasciudadano.com\\\/index.php\\\/2026\\\/04\\\/28\\\/lili-pink-asegura-que-se-defendera-y-pide-que-protegerla-marca-en-medio-de-la-extincion-de-dominio\\\/\",\"url\":\"https:\\\/\\\/pilasciudadano.com\\\/index.php\\\/2026\\\/04\\\/28\\\/lili-pink-asegura-que-se-defendera-y-pide-que-protegerla-marca-en-medio-de-la-extincion-de-dominio\\\/\",\"name\":\"L\u00cdL\u00cd P\u00cdNK ASEGURA QUE SE DEFENDER\u00c1 Y PIDE QUE \u201cPROTEGER LA MARCA\u201d EN MEDIO DE LA EXTINCI\u00d3N DE DOMINIO. - PILAS CIUDADANO\",\"isPartOf\":{\"@id\":\"https:\\\/\\\/pilasciudadano.com\\\/#website\"},\"primaryImageOfPage\":{\"@id\":\"https:\\\/\\\/pilasciudadano.com\\\/index.php\\\/2026\\\/04\\\/28\\\/lili-pink-asegura-que-se-defendera-y-pide-que-protegerla-marca-en-medio-de-la-extincion-de-dominio\\\/#primaryimage\"},\"image\":{\"@id\":\"https:\\\/\\\/pilasciudadano.com\\\/index.php\\\/2026\\\/04\\\/28\\\/lili-pink-asegura-que-se-defendera-y-pide-que-protegerla-marca-en-medio-de-la-extincion-de-dominio\\\/#primaryimage\"},\"thumbnailUrl\":\"https:\\\/\\\/pilasciudadano.com\\\/wp-content\\\/uploads\\\/2026\\\/04\\\/whatsapp-image-2026-04-27-at-3-31-27-pm-1_50471644_20260427162410.webp\",\"datePublished\":\"2026-04-28T01:33:02+00:00\",\"dateModified\":\"2026-04-28T01:36:13+00:00\",\"breadcrumb\":{\"@id\":\"https:\\\/\\\/pilasciudadano.com\\\/index.php\\\/2026\\\/04\\\/28\\\/lili-pink-asegura-que-se-defendera-y-pide-que-protegerla-marca-en-medio-de-la-extincion-de-dominio\\\/#breadcrumb\"},\"inLanguage\":\"es\",\"potentialAction\":[{\"@type\":\"ReadAction\",\"target\":[\"https:\\\/\\\/pilasciudadano.com\\\/index.php\\\/2026\\\/04\\\/28\\\/lili-pink-asegura-que-se-defendera-y-pide-que-protegerla-marca-en-medio-de-la-extincion-de-dominio\\\/\"]}]},{\"@type\":\"ImageObject\",\"inLanguage\":\"es\",\"@id\":\"https:\\\/\\\/pilasciudadano.com\\\/index.php\\\/2026\\\/04\\\/28\\\/lili-pink-asegura-que-se-defendera-y-pide-que-protegerla-marca-en-medio-de-la-extincion-de-dominio\\\/#primaryimage\",\"url\":\"https:\\\/\\\/pilasciudadano.com\\\/wp-content\\\/uploads\\\/2026\\\/04\\\/whatsapp-image-2026-04-27-at-3-31-27-pm-1_50471644_20260427162410.webp\",\"contentUrl\":\"https:\\\/\\\/pilasciudadano.com\\\/wp-content\\\/uploads\\\/2026\\\/04\\\/whatsapp-image-2026-04-27-at-3-31-27-pm-1_50471644_20260427162410.webp\",\"width\":780,\"height\":533},{\"@type\":\"BreadcrumbList\",\"@id\":\"https:\\\/\\\/pilasciudadano.com\\\/index.php\\\/2026\\\/04\\\/28\\\/lili-pink-asegura-que-se-defendera-y-pide-que-protegerla-marca-en-medio-de-la-extincion-de-dominio\\\/#breadcrumb\",\"itemListElement\":[{\"@type\":\"ListItem\",\"position\":1,\"name\":\"Portada\",\"item\":\"https:\\\/\\\/pilasciudadano.com\\\/\"},{\"@type\":\"ListItem\",\"position\":2,\"name\":\"L\u00cdL\u00cd P\u00cdNK ASEGURA QUE SE DEFENDER\u00c1 Y PIDE QUE \u201cPROTEGER LA MARCA\u201d EN MEDIO DE LA EXTINCI\u00d3N DE DOMINIO.\"}]},{\"@type\":\"WebSite\",\"@id\":\"https:\\\/\\\/pilasciudadano.com\\\/#website\",\"url\":\"https:\\\/\\\/pilasciudadano.com\\\/\",\"name\":\"Peri\u00f3dico Pilas Ciudadano\",\"description\":\"Peri\u00f3dico\",\"publisher\":{\"@id\":\"https:\\\/\\\/pilasciudadano.com\\\/#organization\"},\"potentialAction\":[{\"@type\":\"SearchAction\",\"target\":{\"@type\":\"EntryPoint\",\"urlTemplate\":\"https:\\\/\\\/pilasciudadano.com\\\/?s={search_term_string}\"},\"query-input\":{\"@type\":\"PropertyValueSpecification\",\"valueRequired\":true,\"valueName\":\"search_term_string\"}}],\"inLanguage\":\"es\"},{\"@type\":\"Organization\",\"@id\":\"https:\\\/\\\/pilasciudadano.com\\\/#organization\",\"name\":\"Pilas Ciudadano\",\"url\":\"https:\\\/\\\/pilasciudadano.com\\\/\",\"logo\":{\"@type\":\"ImageObject\",\"inLanguage\":\"es\",\"@id\":\"https:\\\/\\\/pilasciudadano.com\\\/#\\\/schema\\\/logo\\\/image\\\/\",\"url\":\"https:\\\/\\\/pilasciudadano.com\\\/wp-content\\\/uploads\\\/2026\\\/02\\\/pilasciudadano-logonuevo.png\",\"contentUrl\":\"https:\\\/\\\/pilasciudadano.com\\\/wp-content\\\/uploads\\\/2026\\\/02\\\/pilasciudadano-logonuevo.png\",\"width\":400,\"height\":100,\"caption\":\"Pilas Ciudadano\"},\"image\":{\"@id\":\"https:\\\/\\\/pilasciudadano.com\\\/#\\\/schema\\\/logo\\\/image\\\/\"},\"sameAs\":[\"https:\\\/\\\/www.facebook.com\\\/Pilas.Ciudadano2016\"]},{\"@type\":\"Person\",\"@id\":\"https:\\\/\\\/pilasciudadano.com\\\/#\\\/schema\\\/person\\\/688b9b2c770c6fd728a48d16fc69ee0c\",\"name\":\"alejopilas\",\"image\":{\"@type\":\"ImageObject\",\"inLanguage\":\"es\",\"@id\":\"https:\\\/\\\/secure.gravatar.com\\\/avatar\\\/bdf0ac2f20d892194ce0869a43b9c7b34a5db3b80422017dd941f5ef39fbadb4?s=96&d=mm&r=g\",\"url\":\"https:\\\/\\\/secure.gravatar.com\\\/avatar\\\/bdf0ac2f20d892194ce0869a43b9c7b34a5db3b80422017dd941f5ef39fbadb4?s=96&d=mm&r=g\",\"contentUrl\":\"https:\\\/\\\/secure.gravatar.com\\\/avatar\\\/bdf0ac2f20d892194ce0869a43b9c7b34a5db3b80422017dd941f5ef39fbadb4?s=96&d=mm&r=g\",\"caption\":\"alejopilas\"},\"sameAs\":[\"https:\\\/\\\/pilasciudadano.com\"],\"url\":\"https:\\\/\\\/pilasciudadano.com\\\/index.php\\\/author\\\/alejopilas\\\/\"}]}<\/script>\n<!-- \/ Yoast SEO plugin. -->","yoast_head_json":{"title":"L\u00cdL\u00cd P\u00cdNK ASEGURA QUE SE DEFENDER\u00c1 Y PIDE QUE \u201cPROTEGER LA MARCA\u201d EN MEDIO DE LA EXTINCI\u00d3N DE DOMINIO. - PILAS CIUDADANO","robots":{"index":"index","follow":"follow","max-snippet":"max-snippet:-1","max-image-preview":"max-image-preview:large","max-video-preview":"max-video-preview:-1"},"canonical":"https:\/\/pilasciudadano.com\/index.php\/2026\/04\/28\/lili-pink-asegura-que-se-defendera-y-pide-que-protegerla-marca-en-medio-de-la-extincion-de-dominio\/","og_locale":"es_ES","og_type":"article","og_title":"L\u00cdL\u00cd P\u00cdNK ASEGURA QUE SE DEFENDER\u00c1 Y PIDE QUE \u201cPROTEGER LA MARCA\u201d EN MEDIO DE LA EXTINCI\u00d3N DE DOMINIO. - PILAS CIUDADANO","og_description":"Lili Pink enfrenta acciones sobre m\u00e1s de 300 tiendas y pide proteger su marca, tras m\u00e1s de 20 a\u00f1os de operaci\u00f3n y miles de empleos generados. Lili Pink&nbsp;se pronunci\u00f3 oficialmente frente al proceso de&nbsp;extinci\u00f3n de dominio&nbsp;que adelanta la Fiscal\u00eda General de la Naci\u00f3n sobre m\u00e1s de 300 de sus establecimientos comerciales en el pa\u00eds. En...","og_url":"https:\/\/pilasciudadano.com\/index.php\/2026\/04\/28\/lili-pink-asegura-que-se-defendera-y-pide-que-protegerla-marca-en-medio-de-la-extincion-de-dominio\/","og_site_name":"PILAS CIUDADANO","article_publisher":"https:\/\/www.facebook.com\/Pilas.Ciudadano2016","article_published_time":"2026-04-28T01:33:02+00:00","article_modified_time":"2026-04-28T01:36:13+00:00","og_image":[{"width":780,"height":533,"url":"https:\/\/pilasciudadano.com\/wp-content\/uploads\/2026\/04\/whatsapp-image-2026-04-27-at-3-31-27-pm-1_50471644_20260427162410.webp","type":"image\/webp"}],"author":"alejopilas","twitter_card":"summary_large_image","twitter_misc":{"Escrito por":"alejopilas","Tiempo de lectura":"2 minutos"},"schema":{"@context":"https:\/\/schema.org","@graph":[{"@type":"Article","@id":"https:\/\/pilasciudadano.com\/index.php\/2026\/04\/28\/lili-pink-asegura-que-se-defendera-y-pide-que-protegerla-marca-en-medio-de-la-extincion-de-dominio\/#article","isPartOf":{"@id":"https:\/\/pilasciudadano.com\/index.php\/2026\/04\/28\/lili-pink-asegura-que-se-defendera-y-pide-que-protegerla-marca-en-medio-de-la-extincion-de-dominio\/"},"author":{"name":"alejopilas","@id":"https:\/\/pilasciudadano.com\/#\/schema\/person\/688b9b2c770c6fd728a48d16fc69ee0c"},"headline":"L\u00cdL\u00cd P\u00cdNK ASEGURA QUE SE DEFENDER\u00c1 Y PIDE QUE \u201cPROTEGER LA MARCA\u201d EN MEDIO DE LA EXTINCI\u00d3N DE DOMINIO.","datePublished":"2026-04-28T01:33:02+00:00","dateModified":"2026-04-28T01:36:13+00:00","mainEntityOfPage":{"@id":"https:\/\/pilasciudadano.com\/index.php\/2026\/04\/28\/lili-pink-asegura-que-se-defendera-y-pide-que-protegerla-marca-en-medio-de-la-extincion-de-dominio\/"},"wordCount":372,"publisher":{"@id":"https:\/\/pilasciudadano.com\/#organization"},"image":{"@id":"https:\/\/pilasciudadano.com\/index.php\/2026\/04\/28\/lili-pink-asegura-que-se-defendera-y-pide-que-protegerla-marca-en-medio-de-la-extincion-de-dominio\/#primaryimage"},"thumbnailUrl":"https:\/\/pilasciudadano.com\/wp-content\/uploads\/2026\/04\/whatsapp-image-2026-04-27-at-3-31-27-pm-1_50471644_20260427162410.webp","articleSection":["Actualidad","Colombia"],"inLanguage":"es"},{"@type":"WebPage","@id":"https:\/\/pilasciudadano.com\/index.php\/2026\/04\/28\/lili-pink-asegura-que-se-defendera-y-pide-que-protegerla-marca-en-medio-de-la-extincion-de-dominio\/","url":"https:\/\/pilasciudadano.com\/index.php\/2026\/04\/28\/lili-pink-asegura-que-se-defendera-y-pide-que-protegerla-marca-en-medio-de-la-extincion-de-dominio\/","name":"L\u00cdL\u00cd P\u00cdNK ASEGURA QUE SE DEFENDER\u00c1 Y PIDE QUE \u201cPROTEGER LA MARCA\u201d EN MEDIO DE LA EXTINCI\u00d3N DE DOMINIO. - PILAS CIUDADANO","isPartOf":{"@id":"https:\/\/pilasciudadano.com\/#website"},"primaryImageOfPage":{"@id":"https:\/\/pilasciudadano.com\/index.php\/2026\/04\/28\/lili-pink-asegura-que-se-defendera-y-pide-que-protegerla-marca-en-medio-de-la-extincion-de-dominio\/#primaryimage"},"image":{"@id":"https:\/\/pilasciudadano.com\/index.php\/2026\/04\/28\/lili-pink-asegura-que-se-defendera-y-pide-que-protegerla-marca-en-medio-de-la-extincion-de-dominio\/#primaryimage"},"thumbnailUrl":"https:\/\/pilasciudadano.com\/wp-content\/uploads\/2026\/04\/whatsapp-image-2026-04-27-at-3-31-27-pm-1_50471644_20260427162410.webp","datePublished":"2026-04-28T01:33:02+00:00","dateModified":"2026-04-28T01:36:13+00:00","breadcrumb":{"@id":"https:\/\/pilasciudadano.com\/index.php\/2026\/04\/28\/lili-pink-asegura-que-se-defendera-y-pide-que-protegerla-marca-en-medio-de-la-extincion-de-dominio\/#breadcrumb"},"inLanguage":"es","potentialAction":[{"@type":"ReadAction","target":["https:\/\/pilasciudadano.com\/index.php\/2026\/04\/28\/lili-pink-asegura-que-se-defendera-y-pide-que-protegerla-marca-en-medio-de-la-extincion-de-dominio\/"]}]},{"@type":"ImageObject","inLanguage":"es","@id":"https:\/\/pilasciudadano.com\/index.php\/2026\/04\/28\/lili-pink-asegura-que-se-defendera-y-pide-que-protegerla-marca-en-medio-de-la-extincion-de-dominio\/#primaryimage","url":"https:\/\/pilasciudadano.com\/wp-content\/uploads\/2026\/04\/whatsapp-image-2026-04-27-at-3-31-27-pm-1_50471644_20260427162410.webp","contentUrl":"https:\/\/pilasciudadano.com\/wp-content\/uploads\/2026\/04\/whatsapp-image-2026-04-27-at-3-31-27-pm-1_50471644_20260427162410.webp","width":780,"height":533},{"@type":"BreadcrumbList","@id":"https:\/\/pilasciudadano.com\/index.php\/2026\/04\/28\/lili-pink-asegura-que-se-defendera-y-pide-que-protegerla-marca-en-medio-de-la-extincion-de-dominio\/#breadcrumb","itemListElement":[{"@type":"ListItem","position":1,"name":"Portada","item":"https:\/\/pilasciudadano.com\/"},{"@type":"ListItem","position":2,"name":"L\u00cdL\u00cd P\u00cdNK ASEGURA QUE SE DEFENDER\u00c1 Y PIDE QUE \u201cPROTEGER LA MARCA\u201d EN MEDIO DE LA EXTINCI\u00d3N DE DOMINIO."}]},{"@type":"WebSite","@id":"https:\/\/pilasciudadano.com\/#website","url":"https:\/\/pilasciudadano.com\/","name":"Peri\u00f3dico Pilas Ciudadano","description":"Peri\u00f3dico","publisher":{"@id":"https:\/\/pilasciudadano.com\/#organization"},"potentialAction":[{"@type":"SearchAction","target":{"@type":"EntryPoint","urlTemplate":"https:\/\/pilasciudadano.com\/?s={search_term_string}"},"query-input":{"@type":"PropertyValueSpecification","valueRequired":true,"valueName":"search_term_string"}}],"inLanguage":"es"},{"@type":"Organization","@id":"https:\/\/pilasciudadano.com\/#organization","name":"Pilas Ciudadano","url":"https:\/\/pilasciudadano.com\/","logo":{"@type":"ImageObject","inLanguage":"es","@id":"https:\/\/pilasciudadano.com\/#\/schema\/logo\/image\/","url":"https:\/\/pilasciudadano.com\/wp-content\/uploads\/2026\/02\/pilasciudadano-logonuevo.png","contentUrl":"https:\/\/pilasciudadano.com\/wp-content\/uploads\/2026\/02\/pilasciudadano-logonuevo.png","width":400,"height":100,"caption":"Pilas Ciudadano"},"image":{"@id":"https:\/\/pilasciudadano.com\/#\/schema\/logo\/image\/"},"sameAs":["https:\/\/www.facebook.com\/Pilas.Ciudadano2016"]},{"@type":"Person","@id":"https:\/\/pilasciudadano.com\/#\/schema\/person\/688b9b2c770c6fd728a48d16fc69ee0c","name":"alejopilas","image":{"@type":"ImageObject","inLanguage":"es","@id":"https:\/\/secure.gravatar.com\/avatar\/bdf0ac2f20d892194ce0869a43b9c7b34a5db3b80422017dd941f5ef39fbadb4?s=96&d=mm&r=g","url":"https:\/\/secure.gravatar.com\/avatar\/bdf0ac2f20d892194ce0869a43b9c7b34a5db3b80422017dd941f5ef39fbadb4?s=96&d=mm&r=g","contentUrl":"https:\/\/secure.gravatar.com\/avatar\/bdf0ac2f20d892194ce0869a43b9c7b34a5db3b80422017dd941f5ef39fbadb4?s=96&d=mm&r=g","caption":"alejopilas"},"sameAs":["https:\/\/pilasciudadano.com"],"url":"https:\/\/pilasciudadano.com\/index.php\/author\/alejopilas\/"}]}},"_links":{"self":[{"href":"https:\/\/pilasciudadano.com\/index.php\/wp-json\/wp\/v2\/posts\/4320","targetHints":{"allow":["GET"]}}],"collection":[{"href":"https:\/\/pilasciudadano.com\/index.php\/wp-json\/wp\/v2\/posts"}],"about":[{"href":"https:\/\/pilasciudadano.com\/index.php\/wp-json\/wp\/v2\/types\/post"}],"author":[{"embeddable":true,"href":"https:\/\/pilasciudadano.com\/index.php\/wp-json\/wp\/v2\/users\/1"}],"replies":[{"embeddable":true,"href":"https:\/\/pilasciudadano.com\/index.php\/wp-json\/wp\/v2\/comments?post=4320"}],"version-history":[{"count":2,"href":"https:\/\/pilasciudadano.com\/index.php\/wp-json\/wp\/v2\/posts\/4320\/revisions"}],"predecessor-version":[{"id":4323,"href":"https:\/\/pilasciudadano.com\/index.php\/wp-json\/wp\/v2\/posts\/4320\/revisions\/4323"}],"wp:featuredmedia":[{"embeddable":true,"href":"https:\/\/pilasciudadano.com\/index.php\/wp-json\/wp\/v2\/media\/4321"}],"wp:attachment":[{"href":"https:\/\/pilasciudadano.com\/index.php\/wp-json\/wp\/v2\/media?parent=4320"}],"wp:term":[{"taxonomy":"category","embeddable":true,"href":"https:\/\/pilasciudadano.com\/index.php\/wp-json\/wp\/v2\/categories?post=4320"},{"taxonomy":"post_tag","embeddable":true,"href":"https:\/\/pilasciudadano.com\/index.php\/wp-json\/wp\/v2\/tags?post=4320"}],"curies":[{"name":"wp","href":"https:\/\/api.w.org\/{rel}","templated":true}]}}