{"id":4311,"date":"2026-04-27T03:55:48","date_gmt":"2026-04-27T01:55:48","guid":{"rendered":"https:\/\/pilasciudadano.com\/?p=4311"},"modified":"2026-04-27T03:55:54","modified_gmt":"2026-04-27T01:55:54","slug":"mas-de-350-juntas-de-accion-comunal-eligieron-sus-autoridades-en-una-gran-jornada-de-participacion-ciudadana-en-pereira","status":"publish","type":"post","link":"https:\/\/pilasciudadano.com\/index.php\/2026\/04\/27\/mas-de-350-juntas-de-accion-comunal-eligieron-sus-autoridades-en-una-gran-jornada-de-participacion-ciudadana-en-pereira\/","title":{"rendered":"M\u00c1S DE 350 JUNTAS DE ACCI\u00d3N COMUNAL ELIGIERON SUS AUTORIDADES EN UNA GRAN JORNADA DE PARTICIPACI\u00d3N CIUDADANA EN PEREIRA."},"content":{"rendered":"\n<p>Desde temprano, l\u00edderes, lideresas y habitantes de distintos sectores salieron a votar en un ambiente tranquilo y organizado, con amplia participaci\u00f3n. La jornada cont\u00f3 con el acompa\u00f1amiento de la Alcald\u00eda de Pereira y la Polic\u00eda Nacional, garantizando las condiciones necesarias para que las comunidades eligieran a sus representantes, quienes tendr\u00e1n la responsabilidad de gestionar proyectos y soluciones para sus territorios.<\/p>\n\n\n\n<p>\u201cRealizamos con \u00e9xito las elecciones en m\u00e1s de 350 Juntas de Acci\u00f3n Comunal en veredas y comunas de Pereira. De esta manera le cumplimos a la democracia y a la ciudadan\u00eda\u201d, manifest\u00f3 Teresita Pel\u00e1ez Cruz, subsecretaria de Desarrollo Social y de Familia.<\/p>\n\n\n\n<p>Por su parte, el coordinador de Gesti\u00f3n Comunitaria, Juan Andr\u00e9s Duque Bonilla, destac\u00f3 el car\u00e1cter hist\u00f3rico de la jornada, recalcando que \u201clogramos elecciones en m\u00e1s de 350 Juntas de Acci\u00f3n Comunal, frente a 224 en 2022, lo que representa un aumento del 156%. Esto ratifica la apuesta del alcalde Mauricio Salazar por fortalecer la participaci\u00f3n ciudadana en el marco del Plan de Desarrollo\u201d.<\/p>\n\n\n\n<p>La ciudadan\u00eda tambi\u00e9n destac\u00f3 el desarrollo de la jornada. Hugo Villada, afiliado a la JAC del barrio San Jorge, resalt\u00f3 la organizaci\u00f3n y el acompa\u00f1amiento institucional. \u201cEstas elecciones han sido muy organizadas, contamos con el respaldo de la Alcald\u00eda de Pereira, en cabeza del alcalde Mauricio Salazar, y con una adecuada divulgaci\u00f3n de las planchas. Adem\u00e1s, hubo articulaci\u00f3n con la junta actual y la administraci\u00f3n municipal, lo que permiti\u00f3 que todo se desarrollara de manera positiva\u201d.<\/p>\n\n\n\n<p>En la misma l\u00ednea, Leidy G\u00e1lvez, afiliada a la JAC del barrio Kennedy, asegur\u00f3 que \u201ceste espacio es muy importante, porque a trav\u00e9s de las Juntas se impulsa el mejoramiento del barrio y se sacan adelante proyectos que benefician a toda la comunidad\u201d.<\/p>\n\n\n\n<p>Este ejercicio democr\u00e1tico permite a Pereira continuar consolidando una ciudadan\u00eda m\u00e1s activa, donde las comunidades no solo participan, sino que lideran la transformaci\u00f3n de sus barrios y veredas.<\/p>\n","protected":false},"excerpt":{"rendered":"<p>Desde temprano, l\u00edderes, lideresas y habitantes de distintos sectores salieron a votar en un ambiente tranquilo y organizado, con amplia participaci\u00f3n. La jornada cont\u00f3 con el acompa\u00f1amiento de la Alcald\u00eda de Pereira y la Polic\u00eda Nacional, garantizando las condiciones necesarias para que las comunidades eligieran a sus representantes, quienes tendr\u00e1n la responsabilidad de gestionar proyectos&#8230;<\/p>\n","protected":false},"author":1,"featured_media":4312,"comment_status":"closed","ping_status":"closed","sticky":false,"template":"","format":"standard","meta":{"_eb_attr":"","_kad_post_transparent":"","_kad_post_title":"","_kad_post_layout":"","_kad_post_sidebar_id":"","_kad_post_content_style":"","_kad_post_vertical_padding":"","_kad_post_feature":"","_kad_post_feature_position":"","_kad_post_header":false,"_kad_post_footer":false,"_kad_post_classname":"","footnotes":""},"categories":[9,34,11,1],"tags":[],"class_list":["post-4311","post","type-post","status-publish","format-standard","has-post-thumbnail","hentry","category-actualidad","category-eje-cafetero","category-pereira","category-sin-categoria"],"yoast_head":"<!-- This site is optimized with the Yoast SEO plugin v27.4 - https:\/\/yoast.com\/product\/yoast-seo-wordpress\/ -->\n<title>M\u00c1S DE 350 JUNTAS DE ACCI\u00d3N COMUNAL ELIGIERON SUS AUTORIDADES EN UNA GRAN JORNADA DE PARTICIPACI\u00d3N CIUDADANA EN PEREIRA. - PILAS CIUDADANO<\/title>\n<meta name=\"robots\" content=\"index, follow, max-snippet:-1, max-image-preview:large, max-video-preview:-1\" \/>\n<link rel=\"canonical\" href=\"https:\/\/pilasciudadano.com\/index.php\/2026\/04\/27\/mas-de-350-juntas-de-accion-comunal-eligieron-sus-autoridades-en-una-gran-jornada-de-participacion-ciudadana-en-pereira\/\" \/>\n<meta property=\"og:locale\" content=\"es_ES\" \/>\n<meta property=\"og:type\" content=\"article\" \/>\n<meta property=\"og:title\" content=\"M\u00c1S DE 350 JUNTAS DE ACCI\u00d3N COMUNAL ELIGIERON SUS AUTORIDADES EN UNA GRAN JORNADA DE PARTICIPACI\u00d3N CIUDADANA EN PEREIRA. - PILAS CIUDADANO\" \/>\n<meta property=\"og:description\" content=\"Desde temprano, l\u00edderes, lideresas y habitantes de distintos sectores salieron a votar en un ambiente tranquilo y organizado, con amplia participaci\u00f3n. La jornada cont\u00f3 con el acompa\u00f1amiento de la Alcald\u00eda de Pereira y la Polic\u00eda Nacional, garantizando las condiciones necesarias para que las comunidades eligieran a sus representantes, quienes tendr\u00e1n la responsabilidad de gestionar proyectos...\" \/>\n<meta property=\"og:url\" content=\"https:\/\/pilasciudadano.com\/index.php\/2026\/04\/27\/mas-de-350-juntas-de-accion-comunal-eligieron-sus-autoridades-en-una-gran-jornada-de-participacion-ciudadana-en-pereira\/\" \/>\n<meta property=\"og:site_name\" content=\"PILAS CIUDADANO\" \/>\n<meta property=\"article:publisher\" content=\"https:\/\/www.facebook.com\/Pilas.Ciudadano2016\" \/>\n<meta property=\"article:published_time\" content=\"2026-04-27T01:55:48+00:00\" \/>\n<meta property=\"article:modified_time\" content=\"2026-04-27T01:55:54+00:00\" \/>\n<meta property=\"og:image\" content=\"https:\/\/pilasciudadano.com\/wp-content\/uploads\/2026\/04\/WhatsApp-Image-2026-04-26-at-20.49.30.jpeg\" \/>\n\t<meta property=\"og:image:width\" content=\"1280\" \/>\n\t<meta property=\"og:image:height\" content=\"854\" \/>\n\t<meta property=\"og:image:type\" content=\"image\/jpeg\" \/>\n<meta name=\"author\" content=\"alejopilas\" \/>\n<meta name=\"twitter:card\" content=\"summary_large_image\" \/>\n<meta name=\"twitter:label1\" content=\"Escrito por\" \/>\n\t<meta name=\"twitter:data1\" content=\"alejopilas\" \/>\n\t<meta name=\"twitter:label2\" content=\"Tiempo de lectura\" \/>\n\t<meta name=\"twitter:data2\" content=\"2 minutos\" \/>\n<script type=\"application\/ld+json\" class=\"yoast-schema-graph\">{\"@context\":\"https:\\\/\\\/schema.org\",\"@graph\":[{\"@type\":\"Article\",\"@id\":\"https:\\\/\\\/pilasciudadano.com\\\/index.php\\\/2026\\\/04\\\/27\\\/mas-de-350-juntas-de-accion-comunal-eligieron-sus-autoridades-en-una-gran-jornada-de-participacion-ciudadana-en-pereira\\\/#article\",\"isPartOf\":{\"@id\":\"https:\\\/\\\/pilasciudadano.com\\\/index.php\\\/2026\\\/04\\\/27\\\/mas-de-350-juntas-de-accion-comunal-eligieron-sus-autoridades-en-una-gran-jornada-de-participacion-ciudadana-en-pereira\\\/\"},\"author\":{\"name\":\"alejopilas\",\"@id\":\"https:\\\/\\\/pilasciudadano.com\\\/#\\\/schema\\\/person\\\/688b9b2c770c6fd728a48d16fc69ee0c\"},\"headline\":\"M\u00c1S DE 350 JUNTAS DE ACCI\u00d3N COMUNAL ELIGIERON SUS AUTORIDADES EN UNA GRAN JORNADA DE PARTICIPACI\u00d3N CIUDADANA EN PEREIRA.\",\"datePublished\":\"2026-04-27T01:55:48+00:00\",\"dateModified\":\"2026-04-27T01:55:54+00:00\",\"mainEntityOfPage\":{\"@id\":\"https:\\\/\\\/pilasciudadano.com\\\/index.php\\\/2026\\\/04\\\/27\\\/mas-de-350-juntas-de-accion-comunal-eligieron-sus-autoridades-en-una-gran-jornada-de-participacion-ciudadana-en-pereira\\\/\"},\"wordCount\":361,\"publisher\":{\"@id\":\"https:\\\/\\\/pilasciudadano.com\\\/#organization\"},\"image\":{\"@id\":\"https:\\\/\\\/pilasciudadano.com\\\/index.php\\\/2026\\\/04\\\/27\\\/mas-de-350-juntas-de-accion-comunal-eligieron-sus-autoridades-en-una-gran-jornada-de-participacion-ciudadana-en-pereira\\\/#primaryimage\"},\"thumbnailUrl\":\"https:\\\/\\\/pilasciudadano.com\\\/wp-content\\\/uploads\\\/2026\\\/04\\\/WhatsApp-Image-2026-04-26-at-20.49.30.jpeg\",\"articleSection\":[\"Actualidad\",\"Eje Cafetero\",\"Pereira\"],\"inLanguage\":\"es\"},{\"@type\":\"WebPage\",\"@id\":\"https:\\\/\\\/pilasciudadano.com\\\/index.php\\\/2026\\\/04\\\/27\\\/mas-de-350-juntas-de-accion-comunal-eligieron-sus-autoridades-en-una-gran-jornada-de-participacion-ciudadana-en-pereira\\\/\",\"url\":\"https:\\\/\\\/pilasciudadano.com\\\/index.php\\\/2026\\\/04\\\/27\\\/mas-de-350-juntas-de-accion-comunal-eligieron-sus-autoridades-en-una-gran-jornada-de-participacion-ciudadana-en-pereira\\\/\",\"name\":\"M\u00c1S DE 350 JUNTAS DE ACCI\u00d3N COMUNAL ELIGIERON SUS AUTORIDADES EN UNA GRAN JORNADA DE PARTICIPACI\u00d3N CIUDADANA EN PEREIRA. - PILAS CIUDADANO\",\"isPartOf\":{\"@id\":\"https:\\\/\\\/pilasciudadano.com\\\/#website\"},\"primaryImageOfPage\":{\"@id\":\"https:\\\/\\\/pilasciudadano.com\\\/index.php\\\/2026\\\/04\\\/27\\\/mas-de-350-juntas-de-accion-comunal-eligieron-sus-autoridades-en-una-gran-jornada-de-participacion-ciudadana-en-pereira\\\/#primaryimage\"},\"image\":{\"@id\":\"https:\\\/\\\/pilasciudadano.com\\\/index.php\\\/2026\\\/04\\\/27\\\/mas-de-350-juntas-de-accion-comunal-eligieron-sus-autoridades-en-una-gran-jornada-de-participacion-ciudadana-en-pereira\\\/#primaryimage\"},\"thumbnailUrl\":\"https:\\\/\\\/pilasciudadano.com\\\/wp-content\\\/uploads\\\/2026\\\/04\\\/WhatsApp-Image-2026-04-26-at-20.49.30.jpeg\",\"datePublished\":\"2026-04-27T01:55:48+00:00\",\"dateModified\":\"2026-04-27T01:55:54+00:00\",\"breadcrumb\":{\"@id\":\"https:\\\/\\\/pilasciudadano.com\\\/index.php\\\/2026\\\/04\\\/27\\\/mas-de-350-juntas-de-accion-comunal-eligieron-sus-autoridades-en-una-gran-jornada-de-participacion-ciudadana-en-pereira\\\/#breadcrumb\"},\"inLanguage\":\"es\",\"potentialAction\":[{\"@type\":\"ReadAction\",\"target\":[\"https:\\\/\\\/pilasciudadano.com\\\/index.php\\\/2026\\\/04\\\/27\\\/mas-de-350-juntas-de-accion-comunal-eligieron-sus-autoridades-en-una-gran-jornada-de-participacion-ciudadana-en-pereira\\\/\"]}]},{\"@type\":\"ImageObject\",\"inLanguage\":\"es\",\"@id\":\"https:\\\/\\\/pilasciudadano.com\\\/index.php\\\/2026\\\/04\\\/27\\\/mas-de-350-juntas-de-accion-comunal-eligieron-sus-autoridades-en-una-gran-jornada-de-participacion-ciudadana-en-pereira\\\/#primaryimage\",\"url\":\"https:\\\/\\\/pilasciudadano.com\\\/wp-content\\\/uploads\\\/2026\\\/04\\\/WhatsApp-Image-2026-04-26-at-20.49.30.jpeg\",\"contentUrl\":\"https:\\\/\\\/pilasciudadano.com\\\/wp-content\\\/uploads\\\/2026\\\/04\\\/WhatsApp-Image-2026-04-26-at-20.49.30.jpeg\",\"width\":1280,\"height\":854},{\"@type\":\"BreadcrumbList\",\"@id\":\"https:\\\/\\\/pilasciudadano.com\\\/index.php\\\/2026\\\/04\\\/27\\\/mas-de-350-juntas-de-accion-comunal-eligieron-sus-autoridades-en-una-gran-jornada-de-participacion-ciudadana-en-pereira\\\/#breadcrumb\",\"itemListElement\":[{\"@type\":\"ListItem\",\"position\":1,\"name\":\"Portada\",\"item\":\"https:\\\/\\\/pilasciudadano.com\\\/\"},{\"@type\":\"ListItem\",\"position\":2,\"name\":\"M\u00c1S DE 350 JUNTAS DE ACCI\u00d3N COMUNAL ELIGIERON SUS AUTORIDADES EN UNA GRAN JORNADA DE PARTICIPACI\u00d3N CIUDADANA EN PEREIRA.\"}]},{\"@type\":\"WebSite\",\"@id\":\"https:\\\/\\\/pilasciudadano.com\\\/#website\",\"url\":\"https:\\\/\\\/pilasciudadano.com\\\/\",\"name\":\"Peri\u00f3dico Pilas Ciudadano\",\"description\":\"Peri\u00f3dico\",\"publisher\":{\"@id\":\"https:\\\/\\\/pilasciudadano.com\\\/#organization\"},\"potentialAction\":[{\"@type\":\"SearchAction\",\"target\":{\"@type\":\"EntryPoint\",\"urlTemplate\":\"https:\\\/\\\/pilasciudadano.com\\\/?s={search_term_string}\"},\"query-input\":{\"@type\":\"PropertyValueSpecification\",\"valueRequired\":true,\"valueName\":\"search_term_string\"}}],\"inLanguage\":\"es\"},{\"@type\":\"Organization\",\"@id\":\"https:\\\/\\\/pilasciudadano.com\\\/#organization\",\"name\":\"Pilas Ciudadano\",\"url\":\"https:\\\/\\\/pilasciudadano.com\\\/\",\"logo\":{\"@type\":\"ImageObject\",\"inLanguage\":\"es\",\"@id\":\"https:\\\/\\\/pilasciudadano.com\\\/#\\\/schema\\\/logo\\\/image\\\/\",\"url\":\"https:\\\/\\\/pilasciudadano.com\\\/wp-content\\\/uploads\\\/2026\\\/02\\\/pilasciudadano-logonuevo.png\",\"contentUrl\":\"https:\\\/\\\/pilasciudadano.com\\\/wp-content\\\/uploads\\\/2026\\\/02\\\/pilasciudadano-logonuevo.png\",\"width\":400,\"height\":100,\"caption\":\"Pilas Ciudadano\"},\"image\":{\"@id\":\"https:\\\/\\\/pilasciudadano.com\\\/#\\\/schema\\\/logo\\\/image\\\/\"},\"sameAs\":[\"https:\\\/\\\/www.facebook.com\\\/Pilas.Ciudadano2016\"]},{\"@type\":\"Person\",\"@id\":\"https:\\\/\\\/pilasciudadano.com\\\/#\\\/schema\\\/person\\\/688b9b2c770c6fd728a48d16fc69ee0c\",\"name\":\"alejopilas\",\"image\":{\"@type\":\"ImageObject\",\"inLanguage\":\"es\",\"@id\":\"https:\\\/\\\/secure.gravatar.com\\\/avatar\\\/bdf0ac2f20d892194ce0869a43b9c7b34a5db3b80422017dd941f5ef39fbadb4?s=96&d=mm&r=g\",\"url\":\"https:\\\/\\\/secure.gravatar.com\\\/avatar\\\/bdf0ac2f20d892194ce0869a43b9c7b34a5db3b80422017dd941f5ef39fbadb4?s=96&d=mm&r=g\",\"contentUrl\":\"https:\\\/\\\/secure.gravatar.com\\\/avatar\\\/bdf0ac2f20d892194ce0869a43b9c7b34a5db3b80422017dd941f5ef39fbadb4?s=96&d=mm&r=g\",\"caption\":\"alejopilas\"},\"sameAs\":[\"https:\\\/\\\/pilasciudadano.com\"],\"url\":\"https:\\\/\\\/pilasciudadano.com\\\/index.php\\\/author\\\/alejopilas\\\/\"}]}<\/script>\n<!-- \/ Yoast SEO plugin. -->","yoast_head_json":{"title":"M\u00c1S DE 350 JUNTAS DE ACCI\u00d3N COMUNAL ELIGIERON SUS AUTORIDADES EN UNA GRAN JORNADA DE PARTICIPACI\u00d3N CIUDADANA EN PEREIRA. - PILAS CIUDADANO","robots":{"index":"index","follow":"follow","max-snippet":"max-snippet:-1","max-image-preview":"max-image-preview:large","max-video-preview":"max-video-preview:-1"},"canonical":"https:\/\/pilasciudadano.com\/index.php\/2026\/04\/27\/mas-de-350-juntas-de-accion-comunal-eligieron-sus-autoridades-en-una-gran-jornada-de-participacion-ciudadana-en-pereira\/","og_locale":"es_ES","og_type":"article","og_title":"M\u00c1S DE 350 JUNTAS DE ACCI\u00d3N COMUNAL ELIGIERON SUS AUTORIDADES EN UNA GRAN JORNADA DE PARTICIPACI\u00d3N CIUDADANA EN PEREIRA. - PILAS CIUDADANO","og_description":"Desde temprano, l\u00edderes, lideresas y habitantes de distintos sectores salieron a votar en un ambiente tranquilo y organizado, con amplia participaci\u00f3n. La jornada cont\u00f3 con el acompa\u00f1amiento de la Alcald\u00eda de Pereira y la Polic\u00eda Nacional, garantizando las condiciones necesarias para que las comunidades eligieran a sus representantes, quienes tendr\u00e1n la responsabilidad de gestionar proyectos...","og_url":"https:\/\/pilasciudadano.com\/index.php\/2026\/04\/27\/mas-de-350-juntas-de-accion-comunal-eligieron-sus-autoridades-en-una-gran-jornada-de-participacion-ciudadana-en-pereira\/","og_site_name":"PILAS CIUDADANO","article_publisher":"https:\/\/www.facebook.com\/Pilas.Ciudadano2016","article_published_time":"2026-04-27T01:55:48+00:00","article_modified_time":"2026-04-27T01:55:54+00:00","og_image":[{"width":1280,"height":854,"url":"https:\/\/pilasciudadano.com\/wp-content\/uploads\/2026\/04\/WhatsApp-Image-2026-04-26-at-20.49.30.jpeg","type":"image\/jpeg"}],"author":"alejopilas","twitter_card":"summary_large_image","twitter_misc":{"Escrito por":"alejopilas","Tiempo de lectura":"2 minutos"},"schema":{"@context":"https:\/\/schema.org","@graph":[{"@type":"Article","@id":"https:\/\/pilasciudadano.com\/index.php\/2026\/04\/27\/mas-de-350-juntas-de-accion-comunal-eligieron-sus-autoridades-en-una-gran-jornada-de-participacion-ciudadana-en-pereira\/#article","isPartOf":{"@id":"https:\/\/pilasciudadano.com\/index.php\/2026\/04\/27\/mas-de-350-juntas-de-accion-comunal-eligieron-sus-autoridades-en-una-gran-jornada-de-participacion-ciudadana-en-pereira\/"},"author":{"name":"alejopilas","@id":"https:\/\/pilasciudadano.com\/#\/schema\/person\/688b9b2c770c6fd728a48d16fc69ee0c"},"headline":"M\u00c1S DE 350 JUNTAS DE ACCI\u00d3N COMUNAL ELIGIERON SUS AUTORIDADES EN UNA GRAN JORNADA DE PARTICIPACI\u00d3N CIUDADANA EN PEREIRA.","datePublished":"2026-04-27T01:55:48+00:00","dateModified":"2026-04-27T01:55:54+00:00","mainEntityOfPage":{"@id":"https:\/\/pilasciudadano.com\/index.php\/2026\/04\/27\/mas-de-350-juntas-de-accion-comunal-eligieron-sus-autoridades-en-una-gran-jornada-de-participacion-ciudadana-en-pereira\/"},"wordCount":361,"publisher":{"@id":"https:\/\/pilasciudadano.com\/#organization"},"image":{"@id":"https:\/\/pilasciudadano.com\/index.php\/2026\/04\/27\/mas-de-350-juntas-de-accion-comunal-eligieron-sus-autoridades-en-una-gran-jornada-de-participacion-ciudadana-en-pereira\/#primaryimage"},"thumbnailUrl":"https:\/\/pilasciudadano.com\/wp-content\/uploads\/2026\/04\/WhatsApp-Image-2026-04-26-at-20.49.30.jpeg","articleSection":["Actualidad","Eje Cafetero","Pereira"],"inLanguage":"es"},{"@type":"WebPage","@id":"https:\/\/pilasciudadano.com\/index.php\/2026\/04\/27\/mas-de-350-juntas-de-accion-comunal-eligieron-sus-autoridades-en-una-gran-jornada-de-participacion-ciudadana-en-pereira\/","url":"https:\/\/pilasciudadano.com\/index.php\/2026\/04\/27\/mas-de-350-juntas-de-accion-comunal-eligieron-sus-autoridades-en-una-gran-jornada-de-participacion-ciudadana-en-pereira\/","name":"M\u00c1S DE 350 JUNTAS DE ACCI\u00d3N COMUNAL ELIGIERON SUS AUTORIDADES EN UNA GRAN JORNADA DE PARTICIPACI\u00d3N CIUDADANA EN PEREIRA. - PILAS CIUDADANO","isPartOf":{"@id":"https:\/\/pilasciudadano.com\/#website"},"primaryImageOfPage":{"@id":"https:\/\/pilasciudadano.com\/index.php\/2026\/04\/27\/mas-de-350-juntas-de-accion-comunal-eligieron-sus-autoridades-en-una-gran-jornada-de-participacion-ciudadana-en-pereira\/#primaryimage"},"image":{"@id":"https:\/\/pilasciudadano.com\/index.php\/2026\/04\/27\/mas-de-350-juntas-de-accion-comunal-eligieron-sus-autoridades-en-una-gran-jornada-de-participacion-ciudadana-en-pereira\/#primaryimage"},"thumbnailUrl":"https:\/\/pilasciudadano.com\/wp-content\/uploads\/2026\/04\/WhatsApp-Image-2026-04-26-at-20.49.30.jpeg","datePublished":"2026-04-27T01:55:48+00:00","dateModified":"2026-04-27T01:55:54+00:00","breadcrumb":{"@id":"https:\/\/pilasciudadano.com\/index.php\/2026\/04\/27\/mas-de-350-juntas-de-accion-comunal-eligieron-sus-autoridades-en-una-gran-jornada-de-participacion-ciudadana-en-pereira\/#breadcrumb"},"inLanguage":"es","potentialAction":[{"@type":"ReadAction","target":["https:\/\/pilasciudadano.com\/index.php\/2026\/04\/27\/mas-de-350-juntas-de-accion-comunal-eligieron-sus-autoridades-en-una-gran-jornada-de-participacion-ciudadana-en-pereira\/"]}]},{"@type":"ImageObject","inLanguage":"es","@id":"https:\/\/pilasciudadano.com\/index.php\/2026\/04\/27\/mas-de-350-juntas-de-accion-comunal-eligieron-sus-autoridades-en-una-gran-jornada-de-participacion-ciudadana-en-pereira\/#primaryimage","url":"https:\/\/pilasciudadano.com\/wp-content\/uploads\/2026\/04\/WhatsApp-Image-2026-04-26-at-20.49.30.jpeg","contentUrl":"https:\/\/pilasciudadano.com\/wp-content\/uploads\/2026\/04\/WhatsApp-Image-2026-04-26-at-20.49.30.jpeg","width":1280,"height":854},{"@type":"BreadcrumbList","@id":"https:\/\/pilasciudadano.com\/index.php\/2026\/04\/27\/mas-de-350-juntas-de-accion-comunal-eligieron-sus-autoridades-en-una-gran-jornada-de-participacion-ciudadana-en-pereira\/#breadcrumb","itemListElement":[{"@type":"ListItem","position":1,"name":"Portada","item":"https:\/\/pilasciudadano.com\/"},{"@type":"ListItem","position":2,"name":"M\u00c1S DE 350 JUNTAS DE ACCI\u00d3N COMUNAL ELIGIERON SUS AUTORIDADES EN UNA GRAN JORNADA DE PARTICIPACI\u00d3N CIUDADANA EN PEREIRA."}]},{"@type":"WebSite","@id":"https:\/\/pilasciudadano.com\/#website","url":"https:\/\/pilasciudadano.com\/","name":"Peri\u00f3dico Pilas Ciudadano","description":"Peri\u00f3dico","publisher":{"@id":"https:\/\/pilasciudadano.com\/#organization"},"potentialAction":[{"@type":"SearchAction","target":{"@type":"EntryPoint","urlTemplate":"https:\/\/pilasciudadano.com\/?s={search_term_string}"},"query-input":{"@type":"PropertyValueSpecification","valueRequired":true,"valueName":"search_term_string"}}],"inLanguage":"es"},{"@type":"Organization","@id":"https:\/\/pilasciudadano.com\/#organization","name":"Pilas Ciudadano","url":"https:\/\/pilasciudadano.com\/","logo":{"@type":"ImageObject","inLanguage":"es","@id":"https:\/\/pilasciudadano.com\/#\/schema\/logo\/image\/","url":"https:\/\/pilasciudadano.com\/wp-content\/uploads\/2026\/02\/pilasciudadano-logonuevo.png","contentUrl":"https:\/\/pilasciudadano.com\/wp-content\/uploads\/2026\/02\/pilasciudadano-logonuevo.png","width":400,"height":100,"caption":"Pilas Ciudadano"},"image":{"@id":"https:\/\/pilasciudadano.com\/#\/schema\/logo\/image\/"},"sameAs":["https:\/\/www.facebook.com\/Pilas.Ciudadano2016"]},{"@type":"Person","@id":"https:\/\/pilasciudadano.com\/#\/schema\/person\/688b9b2c770c6fd728a48d16fc69ee0c","name":"alejopilas","image":{"@type":"ImageObject","inLanguage":"es","@id":"https:\/\/secure.gravatar.com\/avatar\/bdf0ac2f20d892194ce0869a43b9c7b34a5db3b80422017dd941f5ef39fbadb4?s=96&d=mm&r=g","url":"https:\/\/secure.gravatar.com\/avatar\/bdf0ac2f20d892194ce0869a43b9c7b34a5db3b80422017dd941f5ef39fbadb4?s=96&d=mm&r=g","contentUrl":"https:\/\/secure.gravatar.com\/avatar\/bdf0ac2f20d892194ce0869a43b9c7b34a5db3b80422017dd941f5ef39fbadb4?s=96&d=mm&r=g","caption":"alejopilas"},"sameAs":["https:\/\/pilasciudadano.com"],"url":"https:\/\/pilasciudadano.com\/index.php\/author\/alejopilas\/"}]}},"_links":{"self":[{"href":"https:\/\/pilasciudadano.com\/index.php\/wp-json\/wp\/v2\/posts\/4311","targetHints":{"allow":["GET"]}}],"collection":[{"href":"https:\/\/pilasciudadano.com\/index.php\/wp-json\/wp\/v2\/posts"}],"about":[{"href":"https:\/\/pilasciudadano.com\/index.php\/wp-json\/wp\/v2\/types\/post"}],"author":[{"embeddable":true,"href":"https:\/\/pilasciudadano.com\/index.php\/wp-json\/wp\/v2\/users\/1"}],"replies":[{"embeddable":true,"href":"https:\/\/pilasciudadano.com\/index.php\/wp-json\/wp\/v2\/comments?post=4311"}],"version-history":[{"count":1,"href":"https:\/\/pilasciudadano.com\/index.php\/wp-json\/wp\/v2\/posts\/4311\/revisions"}],"predecessor-version":[{"id":4313,"href":"https:\/\/pilasciudadano.com\/index.php\/wp-json\/wp\/v2\/posts\/4311\/revisions\/4313"}],"wp:featuredmedia":[{"embeddable":true,"href":"https:\/\/pilasciudadano.com\/index.php\/wp-json\/wp\/v2\/media\/4312"}],"wp:attachment":[{"href":"https:\/\/pilasciudadano.com\/index.php\/wp-json\/wp\/v2\/media?parent=4311"}],"wp:term":[{"taxonomy":"category","embeddable":true,"href":"https:\/\/pilasciudadano.com\/index.php\/wp-json\/wp\/v2\/categories?post=4311"},{"taxonomy":"post_tag","embeddable":true,"href":"https:\/\/pilasciudadano.com\/index.php\/wp-json\/wp\/v2\/tags?post=4311"}],"curies":[{"name":"wp","href":"https:\/\/api.w.org\/{rel}","templated":true}]}}