{"id":4306,"date":"2026-04-27T02:30:11","date_gmt":"2026-04-27T00:30:11","guid":{"rendered":"https:\/\/pilasciudadano.com\/?p=4306"},"modified":"2026-04-27T02:30:14","modified_gmt":"2026-04-27T00:30:14","slug":"en-pereira-senador-alberto-benavides-pidio-votar-por-ivan-cepeda-el-31-de-mayo","status":"publish","type":"post","link":"https:\/\/pilasciudadano.com\/index.php\/2026\/04\/27\/en-pereira-senador-alberto-benavides-pidio-votar-por-ivan-cepeda-el-31-de-mayo\/","title":{"rendered":"EN PEREIRA, SENADOR ALBERTO BENAVIDES PIDI\u00d3 VOTAR POR IV\u00c1N CEPEDA EL 31 DE MAYO."},"content":{"rendered":"\n<p>El senador del Pacto Hist\u00f3rico, Alberto Benavides, lleg\u00f3 a la capital risaraldense para explicar y escuchar a la comunidad las razones por las que, seg\u00fan dijo, el pr\u00f3ximo 31 de mayo deben elegir a Iv\u00e1n Cepeda como presidente de Colombia.<\/p>\n\n\n\n<p>Benavides se\u00f1al\u00f3 que para su colectividad es clave impulsar el comercio y el sector cafetero de la regi\u00f3n. \u201cCepeda entiende que varios municipios necesitan reactivarse econ\u00f3micamente y requieren el acompa\u00f1amiento del Gobierno nacional\u201d, afirm\u00f3.<\/p>\n\n\n\n<p>El congresista agreg\u00f3 que Risaralda es un departamento en crecimiento y, por eso, se debe revisar el tema de los peajes. \u201cYa es hora de reducir la cantidad de peajes que hoy tiene esta zona del Eje Cafetero\u201d, puntualiz\u00f3.<\/p>\n\n\n\n<p><\/p>\n","protected":false},"excerpt":{"rendered":"<p>El senador del Pacto Hist\u00f3rico, Alberto Benavides, lleg\u00f3 a la capital risaraldense para explicar y escuchar a la comunidad las razones por las que, seg\u00fan dijo, el pr\u00f3ximo 31 de mayo deben elegir a Iv\u00e1n Cepeda como presidente de Colombia. Benavides se\u00f1al\u00f3 que para su colectividad es clave impulsar el comercio y el sector cafetero&#8230;<\/p>\n","protected":false},"author":1,"featured_media":4307,"comment_status":"closed","ping_status":"closed","sticky":false,"template":"","format":"standard","meta":{"_eb_attr":"","_kad_post_transparent":"","_kad_post_title":"","_kad_post_layout":"","_kad_post_sidebar_id":"","_kad_post_content_style":"","_kad_post_vertical_padding":"","_kad_post_feature":"","_kad_post_feature_position":"","_kad_post_header":false,"_kad_post_footer":false,"_kad_post_classname":"","footnotes":""},"categories":[9,34,5,14,1],"tags":[],"class_list":["post-4306","post","type-post","status-publish","format-standard","has-post-thumbnail","hentry","category-actualidad","category-eje-cafetero","category-politica","category-risaralda","category-sin-categoria"],"yoast_head":"<!-- This site is optimized with the Yoast SEO plugin v27.4 - https:\/\/yoast.com\/product\/yoast-seo-wordpress\/ -->\n<title>EN PEREIRA, SENADOR ALBERTO BENAVIDES PIDI\u00d3 VOTAR POR IV\u00c1N CEPEDA EL 31 DE MAYO. - PILAS CIUDADANO<\/title>\n<meta name=\"robots\" content=\"index, follow, max-snippet:-1, max-image-preview:large, max-video-preview:-1\" \/>\n<link rel=\"canonical\" href=\"https:\/\/pilasciudadano.com\/index.php\/2026\/04\/27\/en-pereira-senador-alberto-benavides-pidio-votar-por-ivan-cepeda-el-31-de-mayo\/\" \/>\n<meta property=\"og:locale\" content=\"es_ES\" \/>\n<meta property=\"og:type\" content=\"article\" \/>\n<meta property=\"og:title\" content=\"EN PEREIRA, SENADOR ALBERTO BENAVIDES PIDI\u00d3 VOTAR POR IV\u00c1N CEPEDA EL 31 DE MAYO. - PILAS CIUDADANO\" \/>\n<meta property=\"og:description\" content=\"El senador del Pacto Hist\u00f3rico, Alberto Benavides, lleg\u00f3 a la capital risaraldense para explicar y escuchar a la comunidad las razones por las que, seg\u00fan dijo, el pr\u00f3ximo 31 de mayo deben elegir a Iv\u00e1n Cepeda como presidente de Colombia. Benavides se\u00f1al\u00f3 que para su colectividad es clave impulsar el comercio y el sector cafetero...\" \/>\n<meta property=\"og:url\" content=\"https:\/\/pilasciudadano.com\/index.php\/2026\/04\/27\/en-pereira-senador-alberto-benavides-pidio-votar-por-ivan-cepeda-el-31-de-mayo\/\" \/>\n<meta property=\"og:site_name\" content=\"PILAS CIUDADANO\" \/>\n<meta property=\"article:publisher\" content=\"https:\/\/www.facebook.com\/Pilas.Ciudadano2016\" \/>\n<meta property=\"article:published_time\" content=\"2026-04-27T00:30:11+00:00\" \/>\n<meta property=\"article:modified_time\" content=\"2026-04-27T00:30:14+00:00\" \/>\n<meta property=\"og:image\" content=\"https:\/\/pilasciudadano.com\/wp-content\/uploads\/2026\/04\/WhatsApp-Image-2026-04-26-at-19.22.21-scaled.jpeg\" \/>\n\t<meta property=\"og:image:width\" content=\"2560\" \/>\n\t<meta property=\"og:image:height\" content=\"2282\" \/>\n\t<meta property=\"og:image:type\" content=\"image\/jpeg\" \/>\n<meta name=\"author\" content=\"alejopilas\" \/>\n<meta name=\"twitter:card\" content=\"summary_large_image\" \/>\n<meta name=\"twitter:label1\" content=\"Escrito por\" \/>\n\t<meta name=\"twitter:data1\" content=\"alejopilas\" \/>\n\t<meta name=\"twitter:label2\" content=\"Tiempo de lectura\" \/>\n\t<meta name=\"twitter:data2\" content=\"1 minuto\" \/>\n<script type=\"application\/ld+json\" class=\"yoast-schema-graph\">{\"@context\":\"https:\\\/\\\/schema.org\",\"@graph\":[{\"@type\":\"Article\",\"@id\":\"https:\\\/\\\/pilasciudadano.com\\\/index.php\\\/2026\\\/04\\\/27\\\/en-pereira-senador-alberto-benavides-pidio-votar-por-ivan-cepeda-el-31-de-mayo\\\/#article\",\"isPartOf\":{\"@id\":\"https:\\\/\\\/pilasciudadano.com\\\/index.php\\\/2026\\\/04\\\/27\\\/en-pereira-senador-alberto-benavides-pidio-votar-por-ivan-cepeda-el-31-de-mayo\\\/\"},\"author\":{\"name\":\"alejopilas\",\"@id\":\"https:\\\/\\\/pilasciudadano.com\\\/#\\\/schema\\\/person\\\/688b9b2c770c6fd728a48d16fc69ee0c\"},\"headline\":\"EN PEREIRA, SENADOR ALBERTO BENAVIDES PIDI\u00d3 VOTAR POR IV\u00c1N CEPEDA EL 31 DE MAYO.\",\"datePublished\":\"2026-04-27T00:30:11+00:00\",\"dateModified\":\"2026-04-27T00:30:14+00:00\",\"mainEntityOfPage\":{\"@id\":\"https:\\\/\\\/pilasciudadano.com\\\/index.php\\\/2026\\\/04\\\/27\\\/en-pereira-senador-alberto-benavides-pidio-votar-por-ivan-cepeda-el-31-de-mayo\\\/\"},\"wordCount\":134,\"publisher\":{\"@id\":\"https:\\\/\\\/pilasciudadano.com\\\/#organization\"},\"image\":{\"@id\":\"https:\\\/\\\/pilasciudadano.com\\\/index.php\\\/2026\\\/04\\\/27\\\/en-pereira-senador-alberto-benavides-pidio-votar-por-ivan-cepeda-el-31-de-mayo\\\/#primaryimage\"},\"thumbnailUrl\":\"https:\\\/\\\/pilasciudadano.com\\\/wp-content\\\/uploads\\\/2026\\\/04\\\/WhatsApp-Image-2026-04-26-at-19.22.21-scaled.jpeg\",\"articleSection\":[\"Actualidad\",\"Eje Cafetero\",\"Pol\u00edtica\",\"Risaralda\"],\"inLanguage\":\"es\"},{\"@type\":\"WebPage\",\"@id\":\"https:\\\/\\\/pilasciudadano.com\\\/index.php\\\/2026\\\/04\\\/27\\\/en-pereira-senador-alberto-benavides-pidio-votar-por-ivan-cepeda-el-31-de-mayo\\\/\",\"url\":\"https:\\\/\\\/pilasciudadano.com\\\/index.php\\\/2026\\\/04\\\/27\\\/en-pereira-senador-alberto-benavides-pidio-votar-por-ivan-cepeda-el-31-de-mayo\\\/\",\"name\":\"EN PEREIRA, SENADOR ALBERTO BENAVIDES PIDI\u00d3 VOTAR POR IV\u00c1N CEPEDA EL 31 DE MAYO. - PILAS CIUDADANO\",\"isPartOf\":{\"@id\":\"https:\\\/\\\/pilasciudadano.com\\\/#website\"},\"primaryImageOfPage\":{\"@id\":\"https:\\\/\\\/pilasciudadano.com\\\/index.php\\\/2026\\\/04\\\/27\\\/en-pereira-senador-alberto-benavides-pidio-votar-por-ivan-cepeda-el-31-de-mayo\\\/#primaryimage\"},\"image\":{\"@id\":\"https:\\\/\\\/pilasciudadano.com\\\/index.php\\\/2026\\\/04\\\/27\\\/en-pereira-senador-alberto-benavides-pidio-votar-por-ivan-cepeda-el-31-de-mayo\\\/#primaryimage\"},\"thumbnailUrl\":\"https:\\\/\\\/pilasciudadano.com\\\/wp-content\\\/uploads\\\/2026\\\/04\\\/WhatsApp-Image-2026-04-26-at-19.22.21-scaled.jpeg\",\"datePublished\":\"2026-04-27T00:30:11+00:00\",\"dateModified\":\"2026-04-27T00:30:14+00:00\",\"breadcrumb\":{\"@id\":\"https:\\\/\\\/pilasciudadano.com\\\/index.php\\\/2026\\\/04\\\/27\\\/en-pereira-senador-alberto-benavides-pidio-votar-por-ivan-cepeda-el-31-de-mayo\\\/#breadcrumb\"},\"inLanguage\":\"es\",\"potentialAction\":[{\"@type\":\"ReadAction\",\"target\":[\"https:\\\/\\\/pilasciudadano.com\\\/index.php\\\/2026\\\/04\\\/27\\\/en-pereira-senador-alberto-benavides-pidio-votar-por-ivan-cepeda-el-31-de-mayo\\\/\"]}]},{\"@type\":\"ImageObject\",\"inLanguage\":\"es\",\"@id\":\"https:\\\/\\\/pilasciudadano.com\\\/index.php\\\/2026\\\/04\\\/27\\\/en-pereira-senador-alberto-benavides-pidio-votar-por-ivan-cepeda-el-31-de-mayo\\\/#primaryimage\",\"url\":\"https:\\\/\\\/pilasciudadano.com\\\/wp-content\\\/uploads\\\/2026\\\/04\\\/WhatsApp-Image-2026-04-26-at-19.22.21-scaled.jpeg\",\"contentUrl\":\"https:\\\/\\\/pilasciudadano.com\\\/wp-content\\\/uploads\\\/2026\\\/04\\\/WhatsApp-Image-2026-04-26-at-19.22.21-scaled.jpeg\",\"width\":2560,\"height\":2282},{\"@type\":\"BreadcrumbList\",\"@id\":\"https:\\\/\\\/pilasciudadano.com\\\/index.php\\\/2026\\\/04\\\/27\\\/en-pereira-senador-alberto-benavides-pidio-votar-por-ivan-cepeda-el-31-de-mayo\\\/#breadcrumb\",\"itemListElement\":[{\"@type\":\"ListItem\",\"position\":1,\"name\":\"Portada\",\"item\":\"https:\\\/\\\/pilasciudadano.com\\\/\"},{\"@type\":\"ListItem\",\"position\":2,\"name\":\"EN PEREIRA, SENADOR ALBERTO BENAVIDES PIDI\u00d3 VOTAR POR IV\u00c1N CEPEDA EL 31 DE MAYO.\"}]},{\"@type\":\"WebSite\",\"@id\":\"https:\\\/\\\/pilasciudadano.com\\\/#website\",\"url\":\"https:\\\/\\\/pilasciudadano.com\\\/\",\"name\":\"Peri\u00f3dico Pilas Ciudadano\",\"description\":\"Peri\u00f3dico\",\"publisher\":{\"@id\":\"https:\\\/\\\/pilasciudadano.com\\\/#organization\"},\"potentialAction\":[{\"@type\":\"SearchAction\",\"target\":{\"@type\":\"EntryPoint\",\"urlTemplate\":\"https:\\\/\\\/pilasciudadano.com\\\/?s={search_term_string}\"},\"query-input\":{\"@type\":\"PropertyValueSpecification\",\"valueRequired\":true,\"valueName\":\"search_term_string\"}}],\"inLanguage\":\"es\"},{\"@type\":\"Organization\",\"@id\":\"https:\\\/\\\/pilasciudadano.com\\\/#organization\",\"name\":\"Pilas Ciudadano\",\"url\":\"https:\\\/\\\/pilasciudadano.com\\\/\",\"logo\":{\"@type\":\"ImageObject\",\"inLanguage\":\"es\",\"@id\":\"https:\\\/\\\/pilasciudadano.com\\\/#\\\/schema\\\/logo\\\/image\\\/\",\"url\":\"https:\\\/\\\/pilasciudadano.com\\\/wp-content\\\/uploads\\\/2026\\\/02\\\/pilasciudadano-logonuevo.png\",\"contentUrl\":\"https:\\\/\\\/pilasciudadano.com\\\/wp-content\\\/uploads\\\/2026\\\/02\\\/pilasciudadano-logonuevo.png\",\"width\":400,\"height\":100,\"caption\":\"Pilas Ciudadano\"},\"image\":{\"@id\":\"https:\\\/\\\/pilasciudadano.com\\\/#\\\/schema\\\/logo\\\/image\\\/\"},\"sameAs\":[\"https:\\\/\\\/www.facebook.com\\\/Pilas.Ciudadano2016\"]},{\"@type\":\"Person\",\"@id\":\"https:\\\/\\\/pilasciudadano.com\\\/#\\\/schema\\\/person\\\/688b9b2c770c6fd728a48d16fc69ee0c\",\"name\":\"alejopilas\",\"image\":{\"@type\":\"ImageObject\",\"inLanguage\":\"es\",\"@id\":\"https:\\\/\\\/secure.gravatar.com\\\/avatar\\\/bdf0ac2f20d892194ce0869a43b9c7b34a5db3b80422017dd941f5ef39fbadb4?s=96&d=mm&r=g\",\"url\":\"https:\\\/\\\/secure.gravatar.com\\\/avatar\\\/bdf0ac2f20d892194ce0869a43b9c7b34a5db3b80422017dd941f5ef39fbadb4?s=96&d=mm&r=g\",\"contentUrl\":\"https:\\\/\\\/secure.gravatar.com\\\/avatar\\\/bdf0ac2f20d892194ce0869a43b9c7b34a5db3b80422017dd941f5ef39fbadb4?s=96&d=mm&r=g\",\"caption\":\"alejopilas\"},\"sameAs\":[\"https:\\\/\\\/pilasciudadano.com\"],\"url\":\"https:\\\/\\\/pilasciudadano.com\\\/index.php\\\/author\\\/alejopilas\\\/\"}]}<\/script>\n<!-- \/ Yoast SEO plugin. -->","yoast_head_json":{"title":"EN PEREIRA, SENADOR ALBERTO BENAVIDES PIDI\u00d3 VOTAR POR IV\u00c1N CEPEDA EL 31 DE MAYO. - PILAS CIUDADANO","robots":{"index":"index","follow":"follow","max-snippet":"max-snippet:-1","max-image-preview":"max-image-preview:large","max-video-preview":"max-video-preview:-1"},"canonical":"https:\/\/pilasciudadano.com\/index.php\/2026\/04\/27\/en-pereira-senador-alberto-benavides-pidio-votar-por-ivan-cepeda-el-31-de-mayo\/","og_locale":"es_ES","og_type":"article","og_title":"EN PEREIRA, SENADOR ALBERTO BENAVIDES PIDI\u00d3 VOTAR POR IV\u00c1N CEPEDA EL 31 DE MAYO. - PILAS CIUDADANO","og_description":"El senador del Pacto Hist\u00f3rico, Alberto Benavides, lleg\u00f3 a la capital risaraldense para explicar y escuchar a la comunidad las razones por las que, seg\u00fan dijo, el pr\u00f3ximo 31 de mayo deben elegir a Iv\u00e1n Cepeda como presidente de Colombia. Benavides se\u00f1al\u00f3 que para su colectividad es clave impulsar el comercio y el sector cafetero...","og_url":"https:\/\/pilasciudadano.com\/index.php\/2026\/04\/27\/en-pereira-senador-alberto-benavides-pidio-votar-por-ivan-cepeda-el-31-de-mayo\/","og_site_name":"PILAS CIUDADANO","article_publisher":"https:\/\/www.facebook.com\/Pilas.Ciudadano2016","article_published_time":"2026-04-27T00:30:11+00:00","article_modified_time":"2026-04-27T00:30:14+00:00","og_image":[{"width":2560,"height":2282,"url":"https:\/\/pilasciudadano.com\/wp-content\/uploads\/2026\/04\/WhatsApp-Image-2026-04-26-at-19.22.21-scaled.jpeg","type":"image\/jpeg"}],"author":"alejopilas","twitter_card":"summary_large_image","twitter_misc":{"Escrito por":"alejopilas","Tiempo de lectura":"1 minuto"},"schema":{"@context":"https:\/\/schema.org","@graph":[{"@type":"Article","@id":"https:\/\/pilasciudadano.com\/index.php\/2026\/04\/27\/en-pereira-senador-alberto-benavides-pidio-votar-por-ivan-cepeda-el-31-de-mayo\/#article","isPartOf":{"@id":"https:\/\/pilasciudadano.com\/index.php\/2026\/04\/27\/en-pereira-senador-alberto-benavides-pidio-votar-por-ivan-cepeda-el-31-de-mayo\/"},"author":{"name":"alejopilas","@id":"https:\/\/pilasciudadano.com\/#\/schema\/person\/688b9b2c770c6fd728a48d16fc69ee0c"},"headline":"EN PEREIRA, SENADOR ALBERTO BENAVIDES PIDI\u00d3 VOTAR POR IV\u00c1N CEPEDA EL 31 DE MAYO.","datePublished":"2026-04-27T00:30:11+00:00","dateModified":"2026-04-27T00:30:14+00:00","mainEntityOfPage":{"@id":"https:\/\/pilasciudadano.com\/index.php\/2026\/04\/27\/en-pereira-senador-alberto-benavides-pidio-votar-por-ivan-cepeda-el-31-de-mayo\/"},"wordCount":134,"publisher":{"@id":"https:\/\/pilasciudadano.com\/#organization"},"image":{"@id":"https:\/\/pilasciudadano.com\/index.php\/2026\/04\/27\/en-pereira-senador-alberto-benavides-pidio-votar-por-ivan-cepeda-el-31-de-mayo\/#primaryimage"},"thumbnailUrl":"https:\/\/pilasciudadano.com\/wp-content\/uploads\/2026\/04\/WhatsApp-Image-2026-04-26-at-19.22.21-scaled.jpeg","articleSection":["Actualidad","Eje Cafetero","Pol\u00edtica","Risaralda"],"inLanguage":"es"},{"@type":"WebPage","@id":"https:\/\/pilasciudadano.com\/index.php\/2026\/04\/27\/en-pereira-senador-alberto-benavides-pidio-votar-por-ivan-cepeda-el-31-de-mayo\/","url":"https:\/\/pilasciudadano.com\/index.php\/2026\/04\/27\/en-pereira-senador-alberto-benavides-pidio-votar-por-ivan-cepeda-el-31-de-mayo\/","name":"EN PEREIRA, SENADOR ALBERTO BENAVIDES PIDI\u00d3 VOTAR POR IV\u00c1N CEPEDA EL 31 DE MAYO. - PILAS CIUDADANO","isPartOf":{"@id":"https:\/\/pilasciudadano.com\/#website"},"primaryImageOfPage":{"@id":"https:\/\/pilasciudadano.com\/index.php\/2026\/04\/27\/en-pereira-senador-alberto-benavides-pidio-votar-por-ivan-cepeda-el-31-de-mayo\/#primaryimage"},"image":{"@id":"https:\/\/pilasciudadano.com\/index.php\/2026\/04\/27\/en-pereira-senador-alberto-benavides-pidio-votar-por-ivan-cepeda-el-31-de-mayo\/#primaryimage"},"thumbnailUrl":"https:\/\/pilasciudadano.com\/wp-content\/uploads\/2026\/04\/WhatsApp-Image-2026-04-26-at-19.22.21-scaled.jpeg","datePublished":"2026-04-27T00:30:11+00:00","dateModified":"2026-04-27T00:30:14+00:00","breadcrumb":{"@id":"https:\/\/pilasciudadano.com\/index.php\/2026\/04\/27\/en-pereira-senador-alberto-benavides-pidio-votar-por-ivan-cepeda-el-31-de-mayo\/#breadcrumb"},"inLanguage":"es","potentialAction":[{"@type":"ReadAction","target":["https:\/\/pilasciudadano.com\/index.php\/2026\/04\/27\/en-pereira-senador-alberto-benavides-pidio-votar-por-ivan-cepeda-el-31-de-mayo\/"]}]},{"@type":"ImageObject","inLanguage":"es","@id":"https:\/\/pilasciudadano.com\/index.php\/2026\/04\/27\/en-pereira-senador-alberto-benavides-pidio-votar-por-ivan-cepeda-el-31-de-mayo\/#primaryimage","url":"https:\/\/pilasciudadano.com\/wp-content\/uploads\/2026\/04\/WhatsApp-Image-2026-04-26-at-19.22.21-scaled.jpeg","contentUrl":"https:\/\/pilasciudadano.com\/wp-content\/uploads\/2026\/04\/WhatsApp-Image-2026-04-26-at-19.22.21-scaled.jpeg","width":2560,"height":2282},{"@type":"BreadcrumbList","@id":"https:\/\/pilasciudadano.com\/index.php\/2026\/04\/27\/en-pereira-senador-alberto-benavides-pidio-votar-por-ivan-cepeda-el-31-de-mayo\/#breadcrumb","itemListElement":[{"@type":"ListItem","position":1,"name":"Portada","item":"https:\/\/pilasciudadano.com\/"},{"@type":"ListItem","position":2,"name":"EN PEREIRA, SENADOR ALBERTO BENAVIDES PIDI\u00d3 VOTAR POR IV\u00c1N CEPEDA EL 31 DE MAYO."}]},{"@type":"WebSite","@id":"https:\/\/pilasciudadano.com\/#website","url":"https:\/\/pilasciudadano.com\/","name":"Peri\u00f3dico Pilas Ciudadano","description":"Peri\u00f3dico","publisher":{"@id":"https:\/\/pilasciudadano.com\/#organization"},"potentialAction":[{"@type":"SearchAction","target":{"@type":"EntryPoint","urlTemplate":"https:\/\/pilasciudadano.com\/?s={search_term_string}"},"query-input":{"@type":"PropertyValueSpecification","valueRequired":true,"valueName":"search_term_string"}}],"inLanguage":"es"},{"@type":"Organization","@id":"https:\/\/pilasciudadano.com\/#organization","name":"Pilas Ciudadano","url":"https:\/\/pilasciudadano.com\/","logo":{"@type":"ImageObject","inLanguage":"es","@id":"https:\/\/pilasciudadano.com\/#\/schema\/logo\/image\/","url":"https:\/\/pilasciudadano.com\/wp-content\/uploads\/2026\/02\/pilasciudadano-logonuevo.png","contentUrl":"https:\/\/pilasciudadano.com\/wp-content\/uploads\/2026\/02\/pilasciudadano-logonuevo.png","width":400,"height":100,"caption":"Pilas Ciudadano"},"image":{"@id":"https:\/\/pilasciudadano.com\/#\/schema\/logo\/image\/"},"sameAs":["https:\/\/www.facebook.com\/Pilas.Ciudadano2016"]},{"@type":"Person","@id":"https:\/\/pilasciudadano.com\/#\/schema\/person\/688b9b2c770c6fd728a48d16fc69ee0c","name":"alejopilas","image":{"@type":"ImageObject","inLanguage":"es","@id":"https:\/\/secure.gravatar.com\/avatar\/bdf0ac2f20d892194ce0869a43b9c7b34a5db3b80422017dd941f5ef39fbadb4?s=96&d=mm&r=g","url":"https:\/\/secure.gravatar.com\/avatar\/bdf0ac2f20d892194ce0869a43b9c7b34a5db3b80422017dd941f5ef39fbadb4?s=96&d=mm&r=g","contentUrl":"https:\/\/secure.gravatar.com\/avatar\/bdf0ac2f20d892194ce0869a43b9c7b34a5db3b80422017dd941f5ef39fbadb4?s=96&d=mm&r=g","caption":"alejopilas"},"sameAs":["https:\/\/pilasciudadano.com"],"url":"https:\/\/pilasciudadano.com\/index.php\/author\/alejopilas\/"}]}},"_links":{"self":[{"href":"https:\/\/pilasciudadano.com\/index.php\/wp-json\/wp\/v2\/posts\/4306","targetHints":{"allow":["GET"]}}],"collection":[{"href":"https:\/\/pilasciudadano.com\/index.php\/wp-json\/wp\/v2\/posts"}],"about":[{"href":"https:\/\/pilasciudadano.com\/index.php\/wp-json\/wp\/v2\/types\/post"}],"author":[{"embeddable":true,"href":"https:\/\/pilasciudadano.com\/index.php\/wp-json\/wp\/v2\/users\/1"}],"replies":[{"embeddable":true,"href":"https:\/\/pilasciudadano.com\/index.php\/wp-json\/wp\/v2\/comments?post=4306"}],"version-history":[{"count":1,"href":"https:\/\/pilasciudadano.com\/index.php\/wp-json\/wp\/v2\/posts\/4306\/revisions"}],"predecessor-version":[{"id":4308,"href":"https:\/\/pilasciudadano.com\/index.php\/wp-json\/wp\/v2\/posts\/4306\/revisions\/4308"}],"wp:featuredmedia":[{"embeddable":true,"href":"https:\/\/pilasciudadano.com\/index.php\/wp-json\/wp\/v2\/media\/4307"}],"wp:attachment":[{"href":"https:\/\/pilasciudadano.com\/index.php\/wp-json\/wp\/v2\/media?parent=4306"}],"wp:term":[{"taxonomy":"category","embeddable":true,"href":"https:\/\/pilasciudadano.com\/index.php\/wp-json\/wp\/v2\/categories?post=4306"},{"taxonomy":"post_tag","embeddable":true,"href":"https:\/\/pilasciudadano.com\/index.php\/wp-json\/wp\/v2\/tags?post=4306"}],"curies":[{"name":"wp","href":"https:\/\/api.w.org\/{rel}","templated":true}]}}