{"id":4303,"date":"2026-04-27T01:32:56","date_gmt":"2026-04-26T23:32:56","guid":{"rendered":"https:\/\/pilasciudadano.com\/?p=4303"},"modified":"2026-04-27T03:02:26","modified_gmt":"2026-04-27T01:02:26","slug":"exalcalde-de-pueblo-ricoleonardo-fabio-siagama-suena-como-candidato-a-la-gobernacion-por-las-comunidades-indigena","status":"publish","type":"post","link":"https:\/\/pilasciudadano.com\/index.php\/2026\/04\/27\/exalcalde-de-pueblo-ricoleonardo-fabio-siagama-suena-como-candidato-a-la-gobernacion-por-las-comunidades-indigena\/","title":{"rendered":"COMUNIDADES INDIGENAS DE RISARALDA BUSCAN CANDIDATO \u00daNICO A LA GOBERNACI\u00d3N PARA 2027."},"content":{"rendered":"\n<p>Las comunidades ind\u00edgenas del departamento analizan seriamente postular un candidato propio a la Gobernaci\u00f3n de Risaralda para las elecciones de 2027.<\/p>\n\n\n\n<p>La decisi\u00f3n responde al protagonismo que han ganado a nivel nacional y a la intenci\u00f3n de tener representaci\u00f3n directa en el primer cargo del departamento. La apuesta es presentar un aspirante con una hoja de vida s\u00f3lida que compita con el aval del partido MAIS.<\/p>\n\n\n\n<p>Entre los nombres que ya suenan con fuerza est\u00e1 el del exalcalde de Pueblo Rico, Leonardo Fabio Siagama. Su experiencia en el sector p\u00fablico y su gesti\u00f3n en el municipio lo perfilan como una de las cartas m\u00e1s fuertes para lograr el consenso.<\/p>\n\n\n\n<p>Voceros del proceso se\u00f1alaron que continuar\u00e1n las reuniones entre l\u00edderes y autoridades ind\u00edgenas para definir el mecanismo de elecci\u00f3n. El objetivo es llegar a un candidato \u00fanico que recoja el respaldo de todas las comunidades.<\/p>\n\n\n\n<p>Se espera que en los pr\u00f3ximos encuentros se definan los tiempos y la hoja de ruta que llevar\u00e1 a escoger al representante que buscar\u00e1 convertirse en el primer gobernador ind\u00edgena de Risaralda.<\/p>\n\n\n\n<p><\/p>\n","protected":false},"excerpt":{"rendered":"<p>Las comunidades ind\u00edgenas del departamento analizan seriamente postular un candidato propio a la Gobernaci\u00f3n de Risaralda para las elecciones de 2027. La decisi\u00f3n responde al protagonismo que han ganado a nivel nacional y a la intenci\u00f3n de tener representaci\u00f3n directa en el primer cargo del departamento. La apuesta es presentar un aspirante con una hoja&#8230;<\/p>\n","protected":false},"author":1,"featured_media":4304,"comment_status":"closed","ping_status":"closed","sticky":false,"template":"","format":"standard","meta":{"_eb_attr":"","_kad_post_transparent":"","_kad_post_title":"","_kad_post_layout":"","_kad_post_sidebar_id":"","_kad_post_content_style":"","_kad_post_vertical_padding":"","_kad_post_feature":"","_kad_post_feature_position":"","_kad_post_header":false,"_kad_post_footer":false,"_kad_post_classname":"","footnotes":""},"categories":[9,34,5,1],"tags":[],"class_list":["post-4303","post","type-post","status-publish","format-standard","has-post-thumbnail","hentry","category-actualidad","category-eje-cafetero","category-politica","category-sin-categoria"],"yoast_head":"<!-- This site is optimized with the Yoast SEO plugin v27.4 - https:\/\/yoast.com\/product\/yoast-seo-wordpress\/ -->\n<title>COMUNIDADES INDIGENAS DE RISARALDA BUSCAN CANDIDATO \u00daNICO A LA GOBERNACI\u00d3N PARA 2027. - PILAS CIUDADANO<\/title>\n<meta name=\"robots\" content=\"index, follow, max-snippet:-1, max-image-preview:large, max-video-preview:-1\" \/>\n<link rel=\"canonical\" href=\"https:\/\/pilasciudadano.com\/index.php\/2026\/04\/27\/exalcalde-de-pueblo-ricoleonardo-fabio-siagama-suena-como-candidato-a-la-gobernacion-por-las-comunidades-indigena\/\" \/>\n<meta property=\"og:locale\" content=\"es_ES\" \/>\n<meta property=\"og:type\" content=\"article\" \/>\n<meta property=\"og:title\" content=\"COMUNIDADES INDIGENAS DE RISARALDA BUSCAN CANDIDATO \u00daNICO A LA GOBERNACI\u00d3N PARA 2027. - PILAS CIUDADANO\" \/>\n<meta property=\"og:description\" content=\"Las comunidades ind\u00edgenas del departamento analizan seriamente postular un candidato propio a la Gobernaci\u00f3n de Risaralda para las elecciones de 2027. La decisi\u00f3n responde al protagonismo que han ganado a nivel nacional y a la intenci\u00f3n de tener representaci\u00f3n directa en el primer cargo del departamento. La apuesta es presentar un aspirante con una hoja...\" \/>\n<meta property=\"og:url\" content=\"https:\/\/pilasciudadano.com\/index.php\/2026\/04\/27\/exalcalde-de-pueblo-ricoleonardo-fabio-siagama-suena-como-candidato-a-la-gobernacion-por-las-comunidades-indigena\/\" \/>\n<meta property=\"og:site_name\" content=\"PILAS CIUDADANO\" \/>\n<meta property=\"article:publisher\" content=\"https:\/\/www.facebook.com\/Pilas.Ciudadano2016\" \/>\n<meta property=\"article:published_time\" content=\"2026-04-26T23:32:56+00:00\" \/>\n<meta property=\"article:modified_time\" content=\"2026-04-27T01:02:26+00:00\" \/>\n<meta property=\"og:image\" content=\"https:\/\/pilasciudadano.com\/wp-content\/uploads\/2026\/04\/WhatsApp-Image-2026-04-26-at-18.23.02.jpeg\" \/>\n\t<meta property=\"og:image:width\" content=\"1600\" \/>\n\t<meta property=\"og:image:height\" content=\"1066\" \/>\n\t<meta property=\"og:image:type\" content=\"image\/jpeg\" \/>\n<meta name=\"author\" content=\"alejopilas\" \/>\n<meta name=\"twitter:card\" content=\"summary_large_image\" \/>\n<meta name=\"twitter:label1\" content=\"Escrito por\" \/>\n\t<meta name=\"twitter:data1\" content=\"alejopilas\" \/>\n\t<meta name=\"twitter:label2\" content=\"Tiempo de lectura\" \/>\n\t<meta name=\"twitter:data2\" content=\"2 minutos\" \/>\n<script type=\"application\/ld+json\" class=\"yoast-schema-graph\">{\"@context\":\"https:\\\/\\\/schema.org\",\"@graph\":[{\"@type\":\"Article\",\"@id\":\"https:\\\/\\\/pilasciudadano.com\\\/index.php\\\/2026\\\/04\\\/27\\\/exalcalde-de-pueblo-ricoleonardo-fabio-siagama-suena-como-candidato-a-la-gobernacion-por-las-comunidades-indigena\\\/#article\",\"isPartOf\":{\"@id\":\"https:\\\/\\\/pilasciudadano.com\\\/index.php\\\/2026\\\/04\\\/27\\\/exalcalde-de-pueblo-ricoleonardo-fabio-siagama-suena-como-candidato-a-la-gobernacion-por-las-comunidades-indigena\\\/\"},\"author\":{\"name\":\"alejopilas\",\"@id\":\"https:\\\/\\\/pilasciudadano.com\\\/#\\\/schema\\\/person\\\/688b9b2c770c6fd728a48d16fc69ee0c\"},\"headline\":\"COMUNIDADES INDIGENAS DE RISARALDA BUSCAN CANDIDATO \u00daNICO A LA GOBERNACI\u00d3N PARA 2027.\",\"datePublished\":\"2026-04-26T23:32:56+00:00\",\"dateModified\":\"2026-04-27T01:02:26+00:00\",\"mainEntityOfPage\":{\"@id\":\"https:\\\/\\\/pilasciudadano.com\\\/index.php\\\/2026\\\/04\\\/27\\\/exalcalde-de-pueblo-ricoleonardo-fabio-siagama-suena-como-candidato-a-la-gobernacion-por-las-comunidades-indigena\\\/\"},\"wordCount\":203,\"publisher\":{\"@id\":\"https:\\\/\\\/pilasciudadano.com\\\/#organization\"},\"image\":{\"@id\":\"https:\\\/\\\/pilasciudadano.com\\\/index.php\\\/2026\\\/04\\\/27\\\/exalcalde-de-pueblo-ricoleonardo-fabio-siagama-suena-como-candidato-a-la-gobernacion-por-las-comunidades-indigena\\\/#primaryimage\"},\"thumbnailUrl\":\"https:\\\/\\\/pilasciudadano.com\\\/wp-content\\\/uploads\\\/2026\\\/04\\\/WhatsApp-Image-2026-04-26-at-18.23.02.jpeg\",\"articleSection\":[\"Actualidad\",\"Eje Cafetero\",\"Pol\u00edtica\"],\"inLanguage\":\"es\"},{\"@type\":\"WebPage\",\"@id\":\"https:\\\/\\\/pilasciudadano.com\\\/index.php\\\/2026\\\/04\\\/27\\\/exalcalde-de-pueblo-ricoleonardo-fabio-siagama-suena-como-candidato-a-la-gobernacion-por-las-comunidades-indigena\\\/\",\"url\":\"https:\\\/\\\/pilasciudadano.com\\\/index.php\\\/2026\\\/04\\\/27\\\/exalcalde-de-pueblo-ricoleonardo-fabio-siagama-suena-como-candidato-a-la-gobernacion-por-las-comunidades-indigena\\\/\",\"name\":\"COMUNIDADES INDIGENAS DE RISARALDA BUSCAN CANDIDATO \u00daNICO A LA GOBERNACI\u00d3N PARA 2027. - PILAS CIUDADANO\",\"isPartOf\":{\"@id\":\"https:\\\/\\\/pilasciudadano.com\\\/#website\"},\"primaryImageOfPage\":{\"@id\":\"https:\\\/\\\/pilasciudadano.com\\\/index.php\\\/2026\\\/04\\\/27\\\/exalcalde-de-pueblo-ricoleonardo-fabio-siagama-suena-como-candidato-a-la-gobernacion-por-las-comunidades-indigena\\\/#primaryimage\"},\"image\":{\"@id\":\"https:\\\/\\\/pilasciudadano.com\\\/index.php\\\/2026\\\/04\\\/27\\\/exalcalde-de-pueblo-ricoleonardo-fabio-siagama-suena-como-candidato-a-la-gobernacion-por-las-comunidades-indigena\\\/#primaryimage\"},\"thumbnailUrl\":\"https:\\\/\\\/pilasciudadano.com\\\/wp-content\\\/uploads\\\/2026\\\/04\\\/WhatsApp-Image-2026-04-26-at-18.23.02.jpeg\",\"datePublished\":\"2026-04-26T23:32:56+00:00\",\"dateModified\":\"2026-04-27T01:02:26+00:00\",\"breadcrumb\":{\"@id\":\"https:\\\/\\\/pilasciudadano.com\\\/index.php\\\/2026\\\/04\\\/27\\\/exalcalde-de-pueblo-ricoleonardo-fabio-siagama-suena-como-candidato-a-la-gobernacion-por-las-comunidades-indigena\\\/#breadcrumb\"},\"inLanguage\":\"es\",\"potentialAction\":[{\"@type\":\"ReadAction\",\"target\":[\"https:\\\/\\\/pilasciudadano.com\\\/index.php\\\/2026\\\/04\\\/27\\\/exalcalde-de-pueblo-ricoleonardo-fabio-siagama-suena-como-candidato-a-la-gobernacion-por-las-comunidades-indigena\\\/\"]}]},{\"@type\":\"ImageObject\",\"inLanguage\":\"es\",\"@id\":\"https:\\\/\\\/pilasciudadano.com\\\/index.php\\\/2026\\\/04\\\/27\\\/exalcalde-de-pueblo-ricoleonardo-fabio-siagama-suena-como-candidato-a-la-gobernacion-por-las-comunidades-indigena\\\/#primaryimage\",\"url\":\"https:\\\/\\\/pilasciudadano.com\\\/wp-content\\\/uploads\\\/2026\\\/04\\\/WhatsApp-Image-2026-04-26-at-18.23.02.jpeg\",\"contentUrl\":\"https:\\\/\\\/pilasciudadano.com\\\/wp-content\\\/uploads\\\/2026\\\/04\\\/WhatsApp-Image-2026-04-26-at-18.23.02.jpeg\",\"width\":1600,\"height\":1066},{\"@type\":\"BreadcrumbList\",\"@id\":\"https:\\\/\\\/pilasciudadano.com\\\/index.php\\\/2026\\\/04\\\/27\\\/exalcalde-de-pueblo-ricoleonardo-fabio-siagama-suena-como-candidato-a-la-gobernacion-por-las-comunidades-indigena\\\/#breadcrumb\",\"itemListElement\":[{\"@type\":\"ListItem\",\"position\":1,\"name\":\"Portada\",\"item\":\"https:\\\/\\\/pilasciudadano.com\\\/\"},{\"@type\":\"ListItem\",\"position\":2,\"name\":\"COMUNIDADES INDIGENAS DE RISARALDA BUSCAN CANDIDATO \u00daNICO A LA GOBERNACI\u00d3N PARA 2027.\"}]},{\"@type\":\"WebSite\",\"@id\":\"https:\\\/\\\/pilasciudadano.com\\\/#website\",\"url\":\"https:\\\/\\\/pilasciudadano.com\\\/\",\"name\":\"Peri\u00f3dico Pilas Ciudadano\",\"description\":\"Peri\u00f3dico\",\"publisher\":{\"@id\":\"https:\\\/\\\/pilasciudadano.com\\\/#organization\"},\"potentialAction\":[{\"@type\":\"SearchAction\",\"target\":{\"@type\":\"EntryPoint\",\"urlTemplate\":\"https:\\\/\\\/pilasciudadano.com\\\/?s={search_term_string}\"},\"query-input\":{\"@type\":\"PropertyValueSpecification\",\"valueRequired\":true,\"valueName\":\"search_term_string\"}}],\"inLanguage\":\"es\"},{\"@type\":\"Organization\",\"@id\":\"https:\\\/\\\/pilasciudadano.com\\\/#organization\",\"name\":\"Pilas Ciudadano\",\"url\":\"https:\\\/\\\/pilasciudadano.com\\\/\",\"logo\":{\"@type\":\"ImageObject\",\"inLanguage\":\"es\",\"@id\":\"https:\\\/\\\/pilasciudadano.com\\\/#\\\/schema\\\/logo\\\/image\\\/\",\"url\":\"https:\\\/\\\/pilasciudadano.com\\\/wp-content\\\/uploads\\\/2026\\\/02\\\/pilasciudadano-logonuevo.png\",\"contentUrl\":\"https:\\\/\\\/pilasciudadano.com\\\/wp-content\\\/uploads\\\/2026\\\/02\\\/pilasciudadano-logonuevo.png\",\"width\":400,\"height\":100,\"caption\":\"Pilas Ciudadano\"},\"image\":{\"@id\":\"https:\\\/\\\/pilasciudadano.com\\\/#\\\/schema\\\/logo\\\/image\\\/\"},\"sameAs\":[\"https:\\\/\\\/www.facebook.com\\\/Pilas.Ciudadano2016\"]},{\"@type\":\"Person\",\"@id\":\"https:\\\/\\\/pilasciudadano.com\\\/#\\\/schema\\\/person\\\/688b9b2c770c6fd728a48d16fc69ee0c\",\"name\":\"alejopilas\",\"image\":{\"@type\":\"ImageObject\",\"inLanguage\":\"es\",\"@id\":\"https:\\\/\\\/secure.gravatar.com\\\/avatar\\\/bdf0ac2f20d892194ce0869a43b9c7b34a5db3b80422017dd941f5ef39fbadb4?s=96&d=mm&r=g\",\"url\":\"https:\\\/\\\/secure.gravatar.com\\\/avatar\\\/bdf0ac2f20d892194ce0869a43b9c7b34a5db3b80422017dd941f5ef39fbadb4?s=96&d=mm&r=g\",\"contentUrl\":\"https:\\\/\\\/secure.gravatar.com\\\/avatar\\\/bdf0ac2f20d892194ce0869a43b9c7b34a5db3b80422017dd941f5ef39fbadb4?s=96&d=mm&r=g\",\"caption\":\"alejopilas\"},\"sameAs\":[\"https:\\\/\\\/pilasciudadano.com\"],\"url\":\"https:\\\/\\\/pilasciudadano.com\\\/index.php\\\/author\\\/alejopilas\\\/\"}]}<\/script>\n<!-- \/ Yoast SEO plugin. -->","yoast_head_json":{"title":"COMUNIDADES INDIGENAS DE RISARALDA BUSCAN CANDIDATO \u00daNICO A LA GOBERNACI\u00d3N PARA 2027. - PILAS CIUDADANO","robots":{"index":"index","follow":"follow","max-snippet":"max-snippet:-1","max-image-preview":"max-image-preview:large","max-video-preview":"max-video-preview:-1"},"canonical":"https:\/\/pilasciudadano.com\/index.php\/2026\/04\/27\/exalcalde-de-pueblo-ricoleonardo-fabio-siagama-suena-como-candidato-a-la-gobernacion-por-las-comunidades-indigena\/","og_locale":"es_ES","og_type":"article","og_title":"COMUNIDADES INDIGENAS DE RISARALDA BUSCAN CANDIDATO \u00daNICO A LA GOBERNACI\u00d3N PARA 2027. - PILAS CIUDADANO","og_description":"Las comunidades ind\u00edgenas del departamento analizan seriamente postular un candidato propio a la Gobernaci\u00f3n de Risaralda para las elecciones de 2027. La decisi\u00f3n responde al protagonismo que han ganado a nivel nacional y a la intenci\u00f3n de tener representaci\u00f3n directa en el primer cargo del departamento. La apuesta es presentar un aspirante con una hoja...","og_url":"https:\/\/pilasciudadano.com\/index.php\/2026\/04\/27\/exalcalde-de-pueblo-ricoleonardo-fabio-siagama-suena-como-candidato-a-la-gobernacion-por-las-comunidades-indigena\/","og_site_name":"PILAS CIUDADANO","article_publisher":"https:\/\/www.facebook.com\/Pilas.Ciudadano2016","article_published_time":"2026-04-26T23:32:56+00:00","article_modified_time":"2026-04-27T01:02:26+00:00","og_image":[{"width":1600,"height":1066,"url":"https:\/\/pilasciudadano.com\/wp-content\/uploads\/2026\/04\/WhatsApp-Image-2026-04-26-at-18.23.02.jpeg","type":"image\/jpeg"}],"author":"alejopilas","twitter_card":"summary_large_image","twitter_misc":{"Escrito por":"alejopilas","Tiempo de lectura":"2 minutos"},"schema":{"@context":"https:\/\/schema.org","@graph":[{"@type":"Article","@id":"https:\/\/pilasciudadano.com\/index.php\/2026\/04\/27\/exalcalde-de-pueblo-ricoleonardo-fabio-siagama-suena-como-candidato-a-la-gobernacion-por-las-comunidades-indigena\/#article","isPartOf":{"@id":"https:\/\/pilasciudadano.com\/index.php\/2026\/04\/27\/exalcalde-de-pueblo-ricoleonardo-fabio-siagama-suena-como-candidato-a-la-gobernacion-por-las-comunidades-indigena\/"},"author":{"name":"alejopilas","@id":"https:\/\/pilasciudadano.com\/#\/schema\/person\/688b9b2c770c6fd728a48d16fc69ee0c"},"headline":"COMUNIDADES INDIGENAS DE RISARALDA BUSCAN CANDIDATO \u00daNICO A LA GOBERNACI\u00d3N PARA 2027.","datePublished":"2026-04-26T23:32:56+00:00","dateModified":"2026-04-27T01:02:26+00:00","mainEntityOfPage":{"@id":"https:\/\/pilasciudadano.com\/index.php\/2026\/04\/27\/exalcalde-de-pueblo-ricoleonardo-fabio-siagama-suena-como-candidato-a-la-gobernacion-por-las-comunidades-indigena\/"},"wordCount":203,"publisher":{"@id":"https:\/\/pilasciudadano.com\/#organization"},"image":{"@id":"https:\/\/pilasciudadano.com\/index.php\/2026\/04\/27\/exalcalde-de-pueblo-ricoleonardo-fabio-siagama-suena-como-candidato-a-la-gobernacion-por-las-comunidades-indigena\/#primaryimage"},"thumbnailUrl":"https:\/\/pilasciudadano.com\/wp-content\/uploads\/2026\/04\/WhatsApp-Image-2026-04-26-at-18.23.02.jpeg","articleSection":["Actualidad","Eje Cafetero","Pol\u00edtica"],"inLanguage":"es"},{"@type":"WebPage","@id":"https:\/\/pilasciudadano.com\/index.php\/2026\/04\/27\/exalcalde-de-pueblo-ricoleonardo-fabio-siagama-suena-como-candidato-a-la-gobernacion-por-las-comunidades-indigena\/","url":"https:\/\/pilasciudadano.com\/index.php\/2026\/04\/27\/exalcalde-de-pueblo-ricoleonardo-fabio-siagama-suena-como-candidato-a-la-gobernacion-por-las-comunidades-indigena\/","name":"COMUNIDADES INDIGENAS DE RISARALDA BUSCAN CANDIDATO \u00daNICO A LA GOBERNACI\u00d3N PARA 2027. - PILAS CIUDADANO","isPartOf":{"@id":"https:\/\/pilasciudadano.com\/#website"},"primaryImageOfPage":{"@id":"https:\/\/pilasciudadano.com\/index.php\/2026\/04\/27\/exalcalde-de-pueblo-ricoleonardo-fabio-siagama-suena-como-candidato-a-la-gobernacion-por-las-comunidades-indigena\/#primaryimage"},"image":{"@id":"https:\/\/pilasciudadano.com\/index.php\/2026\/04\/27\/exalcalde-de-pueblo-ricoleonardo-fabio-siagama-suena-como-candidato-a-la-gobernacion-por-las-comunidades-indigena\/#primaryimage"},"thumbnailUrl":"https:\/\/pilasciudadano.com\/wp-content\/uploads\/2026\/04\/WhatsApp-Image-2026-04-26-at-18.23.02.jpeg","datePublished":"2026-04-26T23:32:56+00:00","dateModified":"2026-04-27T01:02:26+00:00","breadcrumb":{"@id":"https:\/\/pilasciudadano.com\/index.php\/2026\/04\/27\/exalcalde-de-pueblo-ricoleonardo-fabio-siagama-suena-como-candidato-a-la-gobernacion-por-las-comunidades-indigena\/#breadcrumb"},"inLanguage":"es","potentialAction":[{"@type":"ReadAction","target":["https:\/\/pilasciudadano.com\/index.php\/2026\/04\/27\/exalcalde-de-pueblo-ricoleonardo-fabio-siagama-suena-como-candidato-a-la-gobernacion-por-las-comunidades-indigena\/"]}]},{"@type":"ImageObject","inLanguage":"es","@id":"https:\/\/pilasciudadano.com\/index.php\/2026\/04\/27\/exalcalde-de-pueblo-ricoleonardo-fabio-siagama-suena-como-candidato-a-la-gobernacion-por-las-comunidades-indigena\/#primaryimage","url":"https:\/\/pilasciudadano.com\/wp-content\/uploads\/2026\/04\/WhatsApp-Image-2026-04-26-at-18.23.02.jpeg","contentUrl":"https:\/\/pilasciudadano.com\/wp-content\/uploads\/2026\/04\/WhatsApp-Image-2026-04-26-at-18.23.02.jpeg","width":1600,"height":1066},{"@type":"BreadcrumbList","@id":"https:\/\/pilasciudadano.com\/index.php\/2026\/04\/27\/exalcalde-de-pueblo-ricoleonardo-fabio-siagama-suena-como-candidato-a-la-gobernacion-por-las-comunidades-indigena\/#breadcrumb","itemListElement":[{"@type":"ListItem","position":1,"name":"Portada","item":"https:\/\/pilasciudadano.com\/"},{"@type":"ListItem","position":2,"name":"COMUNIDADES INDIGENAS DE RISARALDA BUSCAN CANDIDATO \u00daNICO A LA GOBERNACI\u00d3N PARA 2027."}]},{"@type":"WebSite","@id":"https:\/\/pilasciudadano.com\/#website","url":"https:\/\/pilasciudadano.com\/","name":"Peri\u00f3dico Pilas Ciudadano","description":"Peri\u00f3dico","publisher":{"@id":"https:\/\/pilasciudadano.com\/#organization"},"potentialAction":[{"@type":"SearchAction","target":{"@type":"EntryPoint","urlTemplate":"https:\/\/pilasciudadano.com\/?s={search_term_string}"},"query-input":{"@type":"PropertyValueSpecification","valueRequired":true,"valueName":"search_term_string"}}],"inLanguage":"es"},{"@type":"Organization","@id":"https:\/\/pilasciudadano.com\/#organization","name":"Pilas Ciudadano","url":"https:\/\/pilasciudadano.com\/","logo":{"@type":"ImageObject","inLanguage":"es","@id":"https:\/\/pilasciudadano.com\/#\/schema\/logo\/image\/","url":"https:\/\/pilasciudadano.com\/wp-content\/uploads\/2026\/02\/pilasciudadano-logonuevo.png","contentUrl":"https:\/\/pilasciudadano.com\/wp-content\/uploads\/2026\/02\/pilasciudadano-logonuevo.png","width":400,"height":100,"caption":"Pilas Ciudadano"},"image":{"@id":"https:\/\/pilasciudadano.com\/#\/schema\/logo\/image\/"},"sameAs":["https:\/\/www.facebook.com\/Pilas.Ciudadano2016"]},{"@type":"Person","@id":"https:\/\/pilasciudadano.com\/#\/schema\/person\/688b9b2c770c6fd728a48d16fc69ee0c","name":"alejopilas","image":{"@type":"ImageObject","inLanguage":"es","@id":"https:\/\/secure.gravatar.com\/avatar\/bdf0ac2f20d892194ce0869a43b9c7b34a5db3b80422017dd941f5ef39fbadb4?s=96&d=mm&r=g","url":"https:\/\/secure.gravatar.com\/avatar\/bdf0ac2f20d892194ce0869a43b9c7b34a5db3b80422017dd941f5ef39fbadb4?s=96&d=mm&r=g","contentUrl":"https:\/\/secure.gravatar.com\/avatar\/bdf0ac2f20d892194ce0869a43b9c7b34a5db3b80422017dd941f5ef39fbadb4?s=96&d=mm&r=g","caption":"alejopilas"},"sameAs":["https:\/\/pilasciudadano.com"],"url":"https:\/\/pilasciudadano.com\/index.php\/author\/alejopilas\/"}]}},"_links":{"self":[{"href":"https:\/\/pilasciudadano.com\/index.php\/wp-json\/wp\/v2\/posts\/4303","targetHints":{"allow":["GET"]}}],"collection":[{"href":"https:\/\/pilasciudadano.com\/index.php\/wp-json\/wp\/v2\/posts"}],"about":[{"href":"https:\/\/pilasciudadano.com\/index.php\/wp-json\/wp\/v2\/types\/post"}],"author":[{"embeddable":true,"href":"https:\/\/pilasciudadano.com\/index.php\/wp-json\/wp\/v2\/users\/1"}],"replies":[{"embeddable":true,"href":"https:\/\/pilasciudadano.com\/index.php\/wp-json\/wp\/v2\/comments?post=4303"}],"version-history":[{"count":2,"href":"https:\/\/pilasciudadano.com\/index.php\/wp-json\/wp\/v2\/posts\/4303\/revisions"}],"predecessor-version":[{"id":4310,"href":"https:\/\/pilasciudadano.com\/index.php\/wp-json\/wp\/v2\/posts\/4303\/revisions\/4310"}],"wp:featuredmedia":[{"embeddable":true,"href":"https:\/\/pilasciudadano.com\/index.php\/wp-json\/wp\/v2\/media\/4304"}],"wp:attachment":[{"href":"https:\/\/pilasciudadano.com\/index.php\/wp-json\/wp\/v2\/media?parent=4303"}],"wp:term":[{"taxonomy":"category","embeddable":true,"href":"https:\/\/pilasciudadano.com\/index.php\/wp-json\/wp\/v2\/categories?post=4303"},{"taxonomy":"post_tag","embeddable":true,"href":"https:\/\/pilasciudadano.com\/index.php\/wp-json\/wp\/v2\/tags?post=4303"}],"curies":[{"name":"wp","href":"https:\/\/api.w.org\/{rel}","templated":true}]}}